{"id":39658,"date":"2025-10-21T15:27:10","date_gmt":"2025-10-21T13:27:10","guid":{"rendered":"https:\/\/www.studiogera.de\/001\/?p=39658"},"modified":"2025-10-21T15:27:11","modified_gmt":"2025-10-21T13:27:11","slug":"erfolgereiche-katastrophen-alarmierungsuebung-in-gera","status":"publish","type":"post","link":"https:\/\/www.studiogera.de\/001\/2025\/10\/21\/erfolgereiche-katastrophen-alarmierungsuebung-in-gera\/","title":{"rendered":"ERFOLGEREICHE KATASTROPHEN-ALARMIERUNGS\u00dcBUNG IN GERA"},"content":{"rendered":"\n<p>Als eine der ersten Amtshandlungen des neuen B\u00fcrgermeisters und Sicherheitsdezernenten Thomas Lenk hat die Stadt Gera am heutigen Tag eine Alarmierungs\u00fcbung des Katastrophenschutzstabes durchgef\u00fchrt. Ziel der \u00dcbung war es, die technischen und organisatorischen Ma\u00dfnahmen zu erproben, die im Ernstfall eine schnelle und effiziente Einsatzbereitschaft der Einsatzkr\u00e4fte gew\u00e4hrleisten sollen. Im Mittelpunkt stand die \u00dcberpr\u00fcfung der technischen Systeme und Zug\u00e4nge, effizienten Kommunikationswege und Erreichbarkeiten sowie die organisatorischen Abl\u00e4ufe innerhalb der Alarmierungssituation. Dabei wurden insbesondere die Alarmierungsketten, die schnelle Mobilisierung der Einsatzkr\u00e4fte sowie die Koordination innerhalb des Stabes auf die Probe gestellt.<\/p>\n\n\n\n<p>B\u00fcrgermeister Thomas Lenk zeigte sich nach Abschluss der \u00dcbung zufrieden mit den Ergebnissen:<\/p>\n\n\n\n<blockquote class=\"wp-block-quote is-layout-flow wp-block-quote-is-layout-flow\">\n<p>\u201eEs freut mich sehr, dass wir heute eine so erfolgreiche Alarmierungs\u00fcbung durchf\u00fchren konnten. Besonders in der aktuellen Sicherheitslage ist es entscheidend, dass unsere Einsatzkr\u00e4fte sofort einsatzbereit sind. Die \u00dcbung hat gezeigt, dass die technischen Systeme stabil funktionieren und die organisatorischen Abl\u00e4ufe durchaus reibungslos greifen. Aktuelle Fehlerquellen sind erkannt worden und werden behoben.\u201c<\/p>\n<\/blockquote>\n\n\n\n<p>Er betonte au\u00dferdem die Bedeutung der kontinuierlichen Schulung und Vorbereitung:<\/p>\n\n\n\n<blockquote class=\"wp-block-quote is-layout-flow wp-block-quote-is-layout-flow\">\n<p>\u201eNur durch regelm\u00e4\u00dfige \u00dcbungen k\u00f6nnen wir sicherstellen, dass im Ernstfall schnelle und zielgerichtete Ma\u00dfnahmen ergriffen werden. Ich danke allen Beteiligten f\u00fcr ihren engagierten Einsatz und ihr schnelles Handeln.\u201c<\/p>\n<\/blockquote>\n\n\n\n<p>Die Stadt Gera setzt mit dieser \u00dcbung ein klares Zeichen f\u00fcr die Bedeutung der Katastrophenpr\u00e4vention und -vorsorge und die damit verbundene kontinuierliche Optimierung innerorganisatorischer Abl\u00e4ufe.<\/p>\n\n\n\n<p>QUELLE: STADTVERWALTUNG<\/p>\n","protected":false},"excerpt":{"rendered":"<div class=\"mh-excerpt\"><p>Als eine der ersten Amtshandlungen des neuen B\u00fcrgermeisters und Sicherheitsdezernenten Thomas Lenk hat die Stadt Gera am heutigen Tag eine Alarmierungs\u00fcbung des Katastrophenschutzstabes durchgef\u00fchrt. Ziel der \u00dcbung war es, die technischen und organisatorischen Ma\u00dfnahmen zu <a class=\"mh-excerpt-more\" href=\"https:\/\/www.studiogera.de\/001\/2025\/10\/21\/erfolgereiche-katastrophen-alarmierungsuebung-in-gera\/\" title=\"ERFOLGEREICHE KATASTROPHEN-ALARMIERUNGS\u00dcBUNG IN GERA\">[&#8230;]<\/a><\/p>\n<\/div>","protected":false},"author":2,"featured_media":39659,"comment_status":"open","ping_status":"open","sticky":false,"template":"","format":"standard","meta":{"footnotes":""},"categories":[3],"tags":[],"class_list":{"0":"post-39658","1":"post","2":"type-post","3":"status-publish","4":"format-standard","5":"has-post-thumbnail","7":"category-lokal"},"_links":{"self":[{"href":"https:\/\/www.studiogera.de\/001\/wp-json\/wp\/v2\/posts\/39658","targetHints":{"allow":["GET"]}}],"collection":[{"href":"https:\/\/www.studiogera.de\/001\/wp-json\/wp\/v2\/posts"}],"about":[{"href":"https:\/\/www.studiogera.de\/001\/wp-json\/wp\/v2\/types\/post"}],"author":[{"embeddable":true,"href":"https:\/\/www.studiogera.de\/001\/wp-json\/wp\/v2\/users\/2"}],"replies":[{"embeddable":true,"href":"https:\/\/www.studiogera.de\/001\/wp-json\/wp\/v2\/comments?post=39658"}],"version-history":[{"count":1,"href":"https:\/\/www.studiogera.de\/001\/wp-json\/wp\/v2\/posts\/39658\/revisions"}],"predecessor-version":[{"id":39660,"href":"https:\/\/www.studiogera.de\/001\/wp-json\/wp\/v2\/posts\/39658\/revisions\/39660"}],"wp:featuredmedia":[{"embeddable":true,"href":"https:\/\/www.studiogera.de\/001\/wp-json\/wp\/v2\/media\/39659"}],"wp:attachment":[{"href":"https:\/\/www.studiogera.de\/001\/wp-json\/wp\/v2\/media?parent=39658"}],"wp:term":[{"taxonomy":"category","embeddable":true,"href":"https:\/\/www.studiogera.de\/001\/wp-json\/wp\/v2\/categories?post=39658"},{"taxonomy":"post_tag","embeddable":true,"href":"https:\/\/www.studiogera.de\/001\/wp-json\/wp\/v2\/tags?post=39658"}],"curies":[{"name":"wp","href":"https:\/\/api.w.org\/{rel}","templated":true}]}}