{"id":39661,"date":"2025-10-21T16:16:06","date_gmt":"2025-10-21T14:16:06","guid":{"rendered":"https:\/\/www.studiogera.de\/001\/?p=39661"},"modified":"2025-10-21T16:16:07","modified_gmt":"2025-10-21T14:16:07","slug":"30-jahre-verlag-kirchschlager","status":"publish","type":"post","link":"https:\/\/www.studiogera.de\/001\/2025\/10\/21\/30-jahre-verlag-kirchschlager\/","title":{"rendered":"30 JAHRE VERLAG KIRCHSCHLAGER"},"content":{"rendered":"\n<p>Michael Kirchschlager feiert sein Verlagsjubil\u00e4um gemeinsam mit Hans Thiers, Lutz Harder und weiteren G\u00e4sten am Donnerstag, den 30. Oktober 2025, in der Stadt- und Regionalbibliothek. Die Eintrittskarten sind limitiert und nur in der Geraer Bibliothek am Puschkinplatz ab sofort zu erwerben.<\/p>\n\n\n\n<p>Der Kirchschlager Verlag, spezialisiert auf historische Sachb\u00fccher, gegr\u00fcndet und geleitet vom Historiker und Autor Michael Kirchschlager, feiert in diesem Jahr ein Jubil\u00e4um. Aus diesem Anlass wird zu einer Festveranstaltung am Donnerstag, den 30. Oktober 2025, um 17 Uhr, in die Stadt- und Regionalbibliothek Gera eingeladen.<\/p>\n\n\n\n<p>Der in Arnstadt ans\u00e4ssige Verlag Kirchschlager wurde 1995 als Familienbetrieb gegr\u00fcndet. Inhaber ist der 1966 in Sta\u00dffurt, Sachsen-Anhalt, geborene Michael Kirchschlager. Kirchschlager studierte von 1986 bis 1991 Germanistik und Geschichte an der Martin-Luther-Universit\u00e4t Halle-Wittenberg mit Abschluss als Diplom-Historiker.<\/p>\n\n\n\n<p>Warum aber feiert ein in Arnstadt beheimateter Verlag sein 30-j\u00e4hriges Bestehen in Gera? Die Antwort ist f\u00fcr die Geraer vielleicht nicht \u00fcberraschend. Der erfolgreichste Autor des Verlages, Hans Thiers, ist hier in Gera zu Hause. Mehr als 800 Lesungen hat Michael Kirchschlager zusammen mit dem ehemaligen Leiter der Morduntersuchungskommission des Bezirkes Gera durchgef\u00fchrt \u2014 in Th\u00fcringen, Sachsen-Anhalt, Sachsen und Berlin.<\/p>\n\n\n\n<p>\u201eHans Thiers hat mit seinen B\u00fcchern \u00fcber authentische Mordf\u00e4lle Bestseller geschrieben\u201c, sagt Verleger Michael Kirchschlager. Und er f\u00fcgt hinzu:<\/p>\n\n\n\n<blockquote class=\"wp-block-quote is-layout-flow wp-block-quote-is-layout-flow\">\n<p>\u201eHier in Gera habe ich viele Buchpremieren, Lesungen, Veranstaltungen durchgef\u00fchrt und das Gersche Publikum als ein interessiertes und begeisterungsf\u00e4higes kennengelernt.\u201c<\/p>\n<\/blockquote>\n\n\n\n<p>Seine Auftritte als Drachenritter Michael mit den Geschichten um das Drachenkind Emil, in denen neben Spa\u00df und Spannung auch immer eine Prise historisches Wissen vermittelt wird, sind sicher vielen Familien und Kindern in guter Erinnerung.<\/p>\n\n\n\n<p>Nun l\u00e4dt Michael Kirchschlager in die Geraer Bibliothek zum Feiern ein. Gemeinsam mit Hans Thiers, Lutz Harder und weiteren Autoren des Verlags wird er aus dem N\u00e4hk\u00e4stchen plaudern, Geschichten und Geschichte erz\u00e4hlen. Eine Ausstellung zu historischen Holzschnitten, Kupferstichen und Lithographien aus der Sammlung Kirchschlager sowie die Pr\u00e4sentation von B\u00fcchern des Verlags mit Verkauf runden die Festveranstaltung, bei der auch f\u00fcrs leibliche Wohl gesorgt sein wird, ab.<\/p>\n\n\n\n<p>Die Eintrittskarten sind limitiert und nur in der Geraer Bibliothek am Puschkinplatz ab sofort zu erwerben.<\/p>\n\n\n\n<p>Michael Kirchschlager ver\u00f6ffentlicht als Autor und Herausgeber sowohl Sachb\u00fccher als auch fiktionale Erz\u00e4hlungen, vor allem zu historischen Kriminalf\u00e4llen sowie zur Geschichte Th\u00fcringens. Zu den Bestsellern seines Verlags z\u00e4hlen B\u00fccher wie \u201eHistorische Serienm\u00f6rder\u201c, \u201eKriminalchronik des Dritten Reichs\u201c oder \u201eDas Obscurum: Mord und Schauergeschichten aus dem Alten Europa\u201c. Spektakul\u00e4r war 1998 Kirchschlagers Entdeckung im Historischen Archiv der Stadt Wei\u00dfensee. Das dort von ihm gefundene \u201eWei\u00dfenseer Reinheitsgebot\u201c aus dem Jahr 1434 ist 82 Jahre \u00e4lter als das bekanntere Bayerische Reinheitsgebot von 1516 \u2014 damit sollte die Geschichte des Bieres neu geschrieben werden. Seit 2020 ist Kirchschlager Vorsitzender der Landesgruppe Th\u00fcringen der Deutschen Burgenvereinigung (DBV), deren Mitbegr\u00fcnder er 1990 war. Seit Anfang 2024 ist er Burgvogt der Marksburg, dem Sitz der DBV, und fungierte dort als Gesch\u00e4ftsf\u00fchrer.<\/p>\n\n\n\n<p>QUELLE: STADTVERWALTUNG<\/p>\n","protected":false},"excerpt":{"rendered":"<div class=\"mh-excerpt\"><p>Michael Kirchschlager feiert sein Verlagsjubil\u00e4um gemeinsam mit Hans Thiers, Lutz Harder und weiteren G\u00e4sten am Donnerstag, den 30. Oktober 2025, in der Stadt- und Regionalbibliothek. Die Eintrittskarten sind limitiert und nur in der Geraer Bibliothek <a class=\"mh-excerpt-more\" href=\"https:\/\/www.studiogera.de\/001\/2025\/10\/21\/30-jahre-verlag-kirchschlager\/\" title=\"30 JAHRE VERLAG KIRCHSCHLAGER\">[&#8230;]<\/a><\/p>\n<\/div>","protected":false},"author":2,"featured_media":39662,"comment_status":"open","ping_status":"open","sticky":false,"template":"","format":"standard","meta":{"footnotes":""},"categories":[8],"tags":[],"class_list":{"0":"post-39661","1":"post","2":"type-post","3":"status-publish","4":"format-standard","5":"has-post-thumbnail","7":"category-kultur"},"_links":{"self":[{"href":"https:\/\/www.studiogera.de\/001\/wp-json\/wp\/v2\/posts\/39661","targetHints":{"allow":["GET"]}}],"collection":[{"href":"https:\/\/www.studiogera.de\/001\/wp-json\/wp\/v2\/posts"}],"about":[{"href":"https:\/\/www.studiogera.de\/001\/wp-json\/wp\/v2\/types\/post"}],"author":[{"embeddable":true,"href":"https:\/\/www.studiogera.de\/001\/wp-json\/wp\/v2\/users\/2"}],"replies":[{"embeddable":true,"href":"https:\/\/www.studiogera.de\/001\/wp-json\/wp\/v2\/comments?post=39661"}],"version-history":[{"count":1,"href":"https:\/\/www.studiogera.de\/001\/wp-json\/wp\/v2\/posts\/39661\/revisions"}],"predecessor-version":[{"id":39663,"href":"https:\/\/www.studiogera.de\/001\/wp-json\/wp\/v2\/posts\/39661\/revisions\/39663"}],"wp:featuredmedia":[{"embeddable":true,"href":"https:\/\/www.studiogera.de\/001\/wp-json\/wp\/v2\/media\/39662"}],"wp:attachment":[{"href":"https:\/\/www.studiogera.de\/001\/wp-json\/wp\/v2\/media?parent=39661"}],"wp:term":[{"taxonomy":"category","embeddable":true,"href":"https:\/\/www.studiogera.de\/001\/wp-json\/wp\/v2\/categories?post=39661"},{"taxonomy":"post_tag","embeddable":true,"href":"https:\/\/www.studiogera.de\/001\/wp-json\/wp\/v2\/tags?post=39661"}],"curies":[{"name":"wp","href":"https:\/\/api.w.org\/{rel}","templated":true}]}}