{"id":39665,"date":"2025-10-21T21:36:33","date_gmt":"2025-10-21T19:36:33","guid":{"rendered":"https:\/\/www.studiogera.de\/001\/?p=39665"},"modified":"2025-10-21T21:36:35","modified_gmt":"2025-10-21T19:36:35","slug":"die-union-am-scheideweg","status":"publish","type":"post","link":"https:\/\/www.studiogera.de\/001\/2025\/10\/21\/die-union-am-scheideweg\/","title":{"rendered":"DIE UNION AM SCHEIDEWEG"},"content":{"rendered":"\n<p>Vor einigen Jahren wollte die CDU noch eine Partei der Mitte sein, nun scheint sie leicht nach rechts geneigt. Die abgewanderten W\u00e4hler, die die Partei zur\u00fcckgewinnen m\u00f6chte, geben quasi die Blickrichtung vor. Ihren Spitzenplatz auf Bundesebene wird die CDU als Teil der Union dennoch nicht mehr lange halten k\u00f6nnen. Denn die heutige ges\u00e4ttigte und in sich ruhende gesellschaftliche Mitte, die das Parteienb\u00fcndnis gern vertreten m\u00f6chte, erodiert gerade. Sie war das Ergebnis eines durch Industrialisierung geschaffenen Wohlstands, der mit der wirtschaftlichen Transformation langsam dahinschwindet.<\/p>\n\n\n\n<p>KI und Klimaneutralit\u00e4t, auch f\u00fcr Merz zukunftsweisend, erzwingen einen grundlegenden Wandel, der die prek\u00e4ren sozialen Schichten stark vergr\u00f6\u00dfern wird, falls es nicht zu massiven Verm\u00f6gensumverteilungen kommt. F\u00fcr die alte W\u00e4hlerschaft w\u00e4re letzteres undenkbar. Wenn die Union einen konservativen Kurs signalisiert, aber dennoch an der Transformation festh\u00e4lt, steht sie im Grunde kurz vor dieser f\u00fcr sie bedeutsamen Wegscheide. Mit der SPD an der Seite wird die Entscheidung nicht einfacher.<\/p>\n\n\n\n<p>Den Weg der Mitte gibt es in diesem Moment ohnehin nicht mehr, weil die meisten W\u00e4hler entweder auf der einen Seite oder der anderen stehen. Eine Arbeitswelt, in der man die Wahl hat zwischen Niedriglohnangeboten und T\u00e4tigkeiten, in denen einer das leisten muss, was fr\u00fcher drei bew\u00e4ltigt haben, f\u00fchren entweder in die Armut oder zur Zerm\u00fcrbung. Beides l\u00e4sst die Vergangenheit besser erscheinen als die Zukunft, womit eigentlich schon klar ist, wer auf dem Wahlzettel die meisten Stimmen erh\u00e4lt.<\/p>\n\n\n\n<p>Mit der Bemerkung zum Stadtbild hat Friedrich Merz seiner Partei jedenfalls nicht geholfen, denn dieses Problem haben andere schon lange vor ihm angesprochen. Der Zeitpunkt deutet darauf hin, dass es eine Verzweiflungstat war. R\u00fcckt er wieder etwas nach links, verschwinden weitere W\u00e4hler, geht er noch weiter nach rechts, riskiert er seinen eigenen Posten. In beiden F\u00e4llen freut sich die AFD, zumal da Zickzackkurse sowieso immer als T\u00e4uschungsman\u00f6ver angesehen werden.<\/p>\n","protected":false},"excerpt":{"rendered":"<div class=\"mh-excerpt\"><p>Vor einigen Jahren wollte die CDU noch eine Partei der Mitte sein, nun scheint sie leicht nach rechts geneigt. Die abgewanderten W\u00e4hler, die die Partei zur\u00fcckgewinnen m\u00f6chte, geben quasi die Blickrichtung vor. Ihren Spitzenplatz auf <a class=\"mh-excerpt-more\" href=\"https:\/\/www.studiogera.de\/001\/2025\/10\/21\/die-union-am-scheideweg\/\" title=\"DIE UNION AM SCHEIDEWEG\">[&#8230;]<\/a><\/p>\n<\/div>","protected":false},"author":2,"featured_media":39667,"comment_status":"open","ping_status":"open","sticky":false,"template":"","format":"standard","meta":{"footnotes":""},"categories":[2],"tags":[],"class_list":{"0":"post-39665","1":"post","2":"type-post","3":"status-publish","4":"format-standard","5":"has-post-thumbnail","7":"category-weltweit"},"_links":{"self":[{"href":"https:\/\/www.studiogera.de\/001\/wp-json\/wp\/v2\/posts\/39665","targetHints":{"allow":["GET"]}}],"collection":[{"href":"https:\/\/www.studiogera.de\/001\/wp-json\/wp\/v2\/posts"}],"about":[{"href":"https:\/\/www.studiogera.de\/001\/wp-json\/wp\/v2\/types\/post"}],"author":[{"embeddable":true,"href":"https:\/\/www.studiogera.de\/001\/wp-json\/wp\/v2\/users\/2"}],"replies":[{"embeddable":true,"href":"https:\/\/www.studiogera.de\/001\/wp-json\/wp\/v2\/comments?post=39665"}],"version-history":[{"count":2,"href":"https:\/\/www.studiogera.de\/001\/wp-json\/wp\/v2\/posts\/39665\/revisions"}],"predecessor-version":[{"id":39668,"href":"https:\/\/www.studiogera.de\/001\/wp-json\/wp\/v2\/posts\/39665\/revisions\/39668"}],"wp:featuredmedia":[{"embeddable":true,"href":"https:\/\/www.studiogera.de\/001\/wp-json\/wp\/v2\/media\/39667"}],"wp:attachment":[{"href":"https:\/\/www.studiogera.de\/001\/wp-json\/wp\/v2\/media?parent=39665"}],"wp:term":[{"taxonomy":"category","embeddable":true,"href":"https:\/\/www.studiogera.de\/001\/wp-json\/wp\/v2\/categories?post=39665"},{"taxonomy":"post_tag","embeddable":true,"href":"https:\/\/www.studiogera.de\/001\/wp-json\/wp\/v2\/tags?post=39665"}],"curies":[{"name":"wp","href":"https:\/\/api.w.org\/{rel}","templated":true}]}}