{"id":39669,"date":"2025-10-22T00:52:02","date_gmt":"2025-10-21T22:52:02","guid":{"rendered":"https:\/\/www.studiogera.de\/001\/?p=39669"},"modified":"2025-10-22T00:52:02","modified_gmt":"2025-10-21T22:52:02","slug":"trauer-nach-tod-eines-achtjaehrigen-jungen-in-bieblach","status":"publish","type":"post","link":"https:\/\/www.studiogera.de\/001\/2025\/10\/22\/trauer-nach-tod-eines-achtjaehrigen-jungen-in-bieblach\/","title":{"rendered":"TRAUER NACH TOD EINES ACHTJ\u00c4HRIGEN JUNGEN IN BIEBLACH"},"content":{"rendered":"\n<p>Ein achtj\u00e4hriger Junge, der am 20. Oktober 2025 gegen 7.20 Uhr in der Johannes-R.-Becher-Stra\u00dfe beim Gang zur Schule von einem PKW erfasst wurde, erlag noch am gleichen Tag seinen schweren Verletzungen. An der Ungl\u00fccksstelle versammelten sich am Dienstag zahlreiche Menschen, um anteilnehmend an der Trauer der Eltern und Gro\u00dfeltern ihr aufrichtiges Beileid zu bekunden.<\/p>\n\n\n\n<p>Der Ermittlungen der Polizei dauern an. Der 69-j\u00e4hrige PKW-Fahrer befuhr die Johannes-R.-Becher-Stra\u00dfe am Montag in Richtung Stra\u00dfe des Bergmanns, als der Junge die Fahrbahn betrat. Die zul\u00e4ssige H\u00f6chstgeschwindigkeit von 50 Kilometern pro Stunde wurde nach bisherigem Kenntnisstand nicht \u00fcberschritten.<\/p>\n","protected":false},"excerpt":{"rendered":"<div class=\"mh-excerpt\"><p>Ein achtj\u00e4hriger Junge, der am 20. Oktober 2025 gegen 7.20 Uhr in der Johannes-R.-Becher-Stra\u00dfe beim Gang zur Schule von einem PKW erfasst wurde, erlag noch am gleichen Tag seinen schweren Verletzungen. An der Ungl\u00fccksstelle versammelten <a class=\"mh-excerpt-more\" href=\"https:\/\/www.studiogera.de\/001\/2025\/10\/22\/trauer-nach-tod-eines-achtjaehrigen-jungen-in-bieblach\/\" title=\"TRAUER NACH TOD EINES ACHTJ\u00c4HRIGEN JUNGEN IN BIEBLACH\">[&#8230;]<\/a><\/p>\n<\/div>","protected":false},"author":2,"featured_media":39670,"comment_status":"open","ping_status":"open","sticky":false,"template":"","format":"standard","meta":{"footnotes":""},"categories":[16],"tags":[],"class_list":{"0":"post-39669","1":"post","2":"type-post","3":"status-publish","4":"format-standard","5":"has-post-thumbnail","7":"category-kurzmitteilungen"},"_links":{"self":[{"href":"https:\/\/www.studiogera.de\/001\/wp-json\/wp\/v2\/posts\/39669","targetHints":{"allow":["GET"]}}],"collection":[{"href":"https:\/\/www.studiogera.de\/001\/wp-json\/wp\/v2\/posts"}],"about":[{"href":"https:\/\/www.studiogera.de\/001\/wp-json\/wp\/v2\/types\/post"}],"author":[{"embeddable":true,"href":"https:\/\/www.studiogera.de\/001\/wp-json\/wp\/v2\/users\/2"}],"replies":[{"embeddable":true,"href":"https:\/\/www.studiogera.de\/001\/wp-json\/wp\/v2\/comments?post=39669"}],"version-history":[{"count":1,"href":"https:\/\/www.studiogera.de\/001\/wp-json\/wp\/v2\/posts\/39669\/revisions"}],"predecessor-version":[{"id":39671,"href":"https:\/\/www.studiogera.de\/001\/wp-json\/wp\/v2\/posts\/39669\/revisions\/39671"}],"wp:featuredmedia":[{"embeddable":true,"href":"https:\/\/www.studiogera.de\/001\/wp-json\/wp\/v2\/media\/39670"}],"wp:attachment":[{"href":"https:\/\/www.studiogera.de\/001\/wp-json\/wp\/v2\/media?parent=39669"}],"wp:term":[{"taxonomy":"category","embeddable":true,"href":"https:\/\/www.studiogera.de\/001\/wp-json\/wp\/v2\/categories?post=39669"},{"taxonomy":"post_tag","embeddable":true,"href":"https:\/\/www.studiogera.de\/001\/wp-json\/wp\/v2\/tags?post=39669"}],"curies":[{"name":"wp","href":"https:\/\/api.w.org\/{rel}","templated":true}]}}