{"id":39672,"date":"2025-10-22T09:36:12","date_gmt":"2025-10-22T07:36:12","guid":{"rendered":"https:\/\/www.studiogera.de\/001\/?p=39672"},"modified":"2025-10-22T09:36:13","modified_gmt":"2025-10-22T07:36:13","slug":"vu-in-der-vogtlandstrasse-2","status":"publish","type":"post","link":"https:\/\/www.studiogera.de\/001\/2025\/10\/22\/vu-in-der-vogtlandstrasse-2\/","title":{"rendered":"VU IN DER VOGTLANDSTRASSE"},"content":{"rendered":"\n<p>Am 21. Oktober 2025 befuhr ein 68-J\u00e4hriger gegen 13.45 Uhr die Vogtlandstra\u00dfe stadteinw\u00e4rts. Hierbei kam er aus bislang ungekl\u00e4rter Ursache in einem Kurvenbereich links von der Fahrbahn ab, wodurch ein Verkehrsschild und der PKW des 68-J\u00e4hrigen besch\u00e4digt wurden. Trotz der Besch\u00e4digungen setzte er seine Fahrt fort. Durch die Polizei konnte der Fahrer anschlie\u00dfend angetroffen werden. Im Rahmen einer durchgef\u00fchrten Kontrolle wurde bekannt, dass dieser zum Zeitpunkt des Polizeieinsatzes alkoholisiert war. Ob der 68-J\u00e4hrige bereits vor Fahrtantritt Alkohol konsumierte, kann noch nicht mit Sicherheit gesagt werden und ist derzeit Gegenstand der Ermittlungen. Es wurde ein entsprechendes Ermittlungsverfahren eingeleitet. Es entstand ein gesch\u00e4tzter Sachschaden im niedrigen f\u00fcnfstelligen Bereich. Gl\u00fccklicherweise wurde bei dem Unfall niemand verletzt<\/p>\n","protected":false},"excerpt":{"rendered":"<div class=\"mh-excerpt\"><p>Am 21. Oktober 2025 befuhr ein 68-J\u00e4hriger gegen 13.45 Uhr die Vogtlandstra\u00dfe stadteinw\u00e4rts. Hierbei kam er aus bislang ungekl\u00e4rter Ursache in einem Kurvenbereich links von der Fahrbahn ab, wodurch ein Verkehrsschild und der PKW des <a class=\"mh-excerpt-more\" href=\"https:\/\/www.studiogera.de\/001\/2025\/10\/22\/vu-in-der-vogtlandstrasse-2\/\" title=\"VU IN DER VOGTLANDSTRASSE\">[&#8230;]<\/a><\/p>\n<\/div>","protected":false},"author":3,"featured_media":9352,"comment_status":"open","ping_status":"open","sticky":false,"template":"","format":"standard","meta":{"footnotes":""},"categories":[13],"tags":[],"class_list":{"0":"post-39672","1":"post","2":"type-post","3":"status-publish","4":"format-standard","5":"has-post-thumbnail","7":"category-polizeiberichte"},"_links":{"self":[{"href":"https:\/\/www.studiogera.de\/001\/wp-json\/wp\/v2\/posts\/39672","targetHints":{"allow":["GET"]}}],"collection":[{"href":"https:\/\/www.studiogera.de\/001\/wp-json\/wp\/v2\/posts"}],"about":[{"href":"https:\/\/www.studiogera.de\/001\/wp-json\/wp\/v2\/types\/post"}],"author":[{"embeddable":true,"href":"https:\/\/www.studiogera.de\/001\/wp-json\/wp\/v2\/users\/3"}],"replies":[{"embeddable":true,"href":"https:\/\/www.studiogera.de\/001\/wp-json\/wp\/v2\/comments?post=39672"}],"version-history":[{"count":1,"href":"https:\/\/www.studiogera.de\/001\/wp-json\/wp\/v2\/posts\/39672\/revisions"}],"predecessor-version":[{"id":39673,"href":"https:\/\/www.studiogera.de\/001\/wp-json\/wp\/v2\/posts\/39672\/revisions\/39673"}],"wp:featuredmedia":[{"embeddable":true,"href":"https:\/\/www.studiogera.de\/001\/wp-json\/wp\/v2\/media\/9352"}],"wp:attachment":[{"href":"https:\/\/www.studiogera.de\/001\/wp-json\/wp\/v2\/media?parent=39672"}],"wp:term":[{"taxonomy":"category","embeddable":true,"href":"https:\/\/www.studiogera.de\/001\/wp-json\/wp\/v2\/categories?post=39672"},{"taxonomy":"post_tag","embeddable":true,"href":"https:\/\/www.studiogera.de\/001\/wp-json\/wp\/v2\/tags?post=39672"}],"curies":[{"name":"wp","href":"https:\/\/api.w.org\/{rel}","templated":true}]}}