{"id":3982,"date":"2018-05-28T23:33:12","date_gmt":"2018-05-28T21:33:12","guid":{"rendered":"http:\/\/www.studiogera.de\/001\/?p=3982"},"modified":"2018-05-28T23:43:05","modified_gmt":"2018-05-28T21:43:05","slug":"meldungen-der-stadtverwaltung-14","status":"publish","type":"post","link":"https:\/\/www.studiogera.de\/001\/2018\/05\/28\/meldungen-der-stadtverwaltung-14\/","title":{"rendered":"MELDUNGEN DER STADTVERWALTUNG"},"content":{"rendered":"<p><strong>BUNDESWEHR HILFT IM TIERPARK<\/strong><\/p>\n<p>Das Sturmtief \u201eFriederike\u201c hatte am 18. Januar 2018 immense Sch\u00e4den im Tierpark angerichtet. Zahlreiche B\u00e4ume waren umgeknickt. Auch das Stallgeb\u00e4ude der Poitouesel war betroffen. Umst\u00fcrzende B\u00e4ume hatten das Dach zu zwei Drittel zerst\u00f6rt. Eine komplette Reparatur war durch die Tierparkmitarbeiter nicht zu stemmen. Das Dach konnte nur notd\u00fcrftig repariert werden.<\/p>\n<p>Zu Fall kam damals nicht nur der Gro\u00dfteil des Daches. Auch ein an der Giebelseite angebrachtes Schild fiel den Tierparkmitarbeitern sprichw\u00f6rtlich in die H\u00e4nde. \u201eErbaut durch die Pioniere des Standortes Gera. 28. Juni 1991\u201c, verk\u00fcndet die Holztafel. In der Stadtverwaltung nahmen B\u00fcrgermeister Kurt Dannenberg und Konrad Nickschick, Fachdienstleiter Umwelt, dies zum Anlass, nachzufragen, ob das Panzerpionierbataillon 701 auch diesmal wieder helfen k\u00f6nnte. Seitens der Bundeswehr wurde die Idee ge\u00e4u\u00dfert, dass man den Wiederaufbau im Rahmen einer Ausbildung leisten k\u00f6nnte.<\/p>\n<p>Sechs Wochen Planungsphase einschlie\u00dflich Zustimmung der Industrie- und Handelskammer zu Ostth\u00fcringen gingen den Bauarbeiten voraus. Seit vergangenem Dienstag sind t\u00e4glich etwa ein Dutzend Soldaten vor Ort. Stabsfeldwebel Heiko Wolf spricht von einem Gewinn nicht nur f\u00fcr den Tierpark: \u201eWir fahren ansonsten in unser Ausbildungszentrum nach Ingolstadt. Die Dinge, die wir dort zu Ausbildungszwecken bauen, werden im Nachhinein wieder abgerissen\u201c. So freut es ihn umso mehr, gleich in der N\u00e4he des eigenen Standortes im Rahmen der Ausbildung dem Tierpark helfen zu k\u00f6nnen. <\/p>\n<p>Dachdecker, Metallbearbeiter, Holzbearbeiter, Klempner und Elektroinstallateure sanieren das 200 Quadratmeter gro\u00dfe Dach des Stalls. Der alte Dachbelag musste entfernt werden, es erfolgte ein neuer Unter- und Oberbau, die Tragbretter mussten erneuert und Brettbinder ausgesteift werden. Komplettiert werden die Arbeiten mit entsprechender Dachklempnerei.<\/p>\n<p>\u201eWir sind im Zeitplan. Wenn das Wetter mitspielt, sind wir Donnerstag fertig\u201c, so der Stabsfeldwebel. Tierparkmitarbeiter wollen das einmal stehende Ger\u00fcst dann noch f\u00fcr Anstricharbeiten nutzen. Wenn dann innen alles ges\u00e4ubert ist, k\u00f6nnen die Poitouesel und weitere Tierarten wieder einziehen.<\/p>\n<p>Die dritte Kompanie des Panzerpionierbataillons 701 wurde 2014 aufgel\u00f6st. \u201eIm Nachhinein wurde festgestellt, dass sie doch an diesem Standort fehlt. Im Januar wurde mit der Neugr\u00fcndung begonnen. Bislang haben wir ein Viertel der geplanten St\u00e4rke erreicht. Der Einsatz im \u00f6rtlichen Tierpark ist unsere erste Ausbildung und eine hervorragende Aktion, die beiden Seiten etwas bringt. Der Stall bekommt ein neues Dach und unsere Gewerke werden bei \u00dcbung gehalten und auf den neuesten Stand bei den Materialien gebracht\u201c, zieht Heiko Wolf Fazit.<\/p>\n<hr \/>\n<p><strong>SPENDE F\u00dcR DEN TIERPARK<\/strong><\/p>\n<p>\u201eUnseren Mitgliedern wollen wir moderne und lebenswerte Wohnqualit\u00e4t bieten. Dazu geh\u00f6rt auch, dass es in unserer Stadt auch weiterhin ein breites kulturelles Angebot geben wird.\u201c sagt Jana H\u00f6fer, Vorsteherin der Wohngenossenschaft \u201eNeuer Weg\u201c eG und spricht damit ihren Mitstreitern aus dem Herzen. \u201eNach dem Unwetter Friedericke r\u00fcckten die Geraer wieder zusammen und packen gemeinsam an. Als Genossenschaften in Gera m\u00f6chten wir dieses nat\u00fcrlich unterst\u00fctzen. Ganz im Sinne des Genossenschaftsgedanken \u201aWas einer allein nicht schafft, das schaffen viele.\u2018\u201c f\u00e4hrt Jana H\u00f6fer fort.<\/p>\n<p>Gemeinsam spenden die Geraer Wohnungsbaugenossenschaften \u201eAufbau\u201c, Union, \u201eGl\u00fcck Auf\u201c und \u201eNeuer Weg\u201c \u2013 dem Tierpark 1000 Euro f\u00fcr die Erneuerung eines Eselhauses im Waldzoo Tierparkleiter Ulrich Fischer dankt den Geraer Wohnungsbaugenossenschaften (WIR-in-Gera.de) und plant nun den baldigen Beginn des Neubaus. Denn schon zum gemeinsamen WIR-Kinderfest am Sonntag, den 3. Juni 2018, von 11 Uhr bis 17 Uhr, sollen Fortschritte im Eselgehege sichtbar sein. Herzlich willkommen sind an diesem Tag alle Kinder zusammen mit Ihren Eltern, Onkeln, Tanten, Omas und Opas. Die Genossenschaften erm\u00f6glichen an diesem Tag Kindern im Alter bis 16 Jahren freien Eintritt.<\/p>\n<p>Auf das gro\u00dfe Familienfest freuen sich auch schon die Vorst\u00e4nde und Mitarbeiter der Genossenschaften. Das WIR-Kinderfest im Tierpark ist eines von vier gemeinsam organisierten Jahres-Highlights neben dem Familientag im KUK, der Genossenschaftsweihnacht, dem Fu\u00dfballturnier der Kinderg\u00e4rten und der Auslobung des Genossenschaftspreises. In diesem Jahr feiern sie mit den Geraer Kindern und Familien zum f\u00fcnften Mal den Aktionstag \u2013 mit vielen Partner-Vereinen und einem lebhaften Programm: L\u00f6wenf\u00fctterung (11.30 Uhr) \u00dcberraschungsm\u00e4rchen der Ritter der Osterburg (11.45 Uhr), Franz der Knallfrosch (13.00, 14.30 Uhr), Humbuks Zaubertheater (13.45, 15.30 Uhr), Pony\/Eselpflegezeit (14 Uhr), Affenf\u00fctterung (15 Uhr) und Tiertaufe (16 Uhr). Dazwischen locken \u201eAlte Kinderspiele neu entdecken\u201c, das Spielmobil, Bastelideen, das zahme Alpaka Lubo, Ponyreiten, zwei H\u00fcpfburgen und Ballonfigurenk\u00fcnstler Sven M.  <\/p>\n<p>Wer m\u00f6chte, kann sein Gl\u00fcck am Gl\u00fccksrad der Genossenschaften versuchen oder sein Wissen beim WIR-Kinder-Quiz unter Beweis stellen. Unter allen Quiz-Teilnehmern werden tolle Preise verlost: Familienjahreskarten, Kinderjahreskarten und einen Gutschein f\u00fcr einen Geburtstag mit der Familie und Freunden im Wert von 50 Euro im Geraer Waldzoo.<\/p>\n<hr \/>\n<p><strong>SENIORENGYMNASTIK<\/strong><\/p>\n<p>Jeden Donnerstag findet in der Begegnungsst\u00e4tte der GWB \u201eElstertal\u201c, Erich-M\u00fchsam-Strasse 2, um 15 Uhr leichte Seniorengymnastik f\u00fcr die Altersgruppe \u00fcber 70 Jahre statt. Die \u00dcbungen werden unter Anleitung im Sitzen und am Stuhl ausgef\u00fchrt. Jeder Mann\/Frau ist herzlich willkommen! Anmeldungen nimmt  das Statteilb\u00fcro unter der Rufnummer 0365 5517804 entgegen.<\/p>\n<hr \/>\n<p><strong>BUCHGESPR\u00c4CHE<\/strong><\/p>\n<p>Aufgrund der gro\u00dfen Nachfrage pr\u00e4sentiert Leo M. Kohl am Mittwoch, den 20. Juni, 19.30 Uhr, noch einmal sein Buch \u201eAsperger \u2013 mein Leben zwischen Intelligenz und Gef\u00fchlsleben&#8220; in der Bibliothek am Puschkinplatz. Der junge Geraer Asperger-Autist Leo M. Kohl erz\u00e4hlt \u00fcber die H\u00f6hen und Tiefen, die er in den letzten achtzehn Jahren erlebt hat. Mit Humor beschreibt er seine chaotische Familie, seinen Werdegang in der Schule und zugleich die Entwicklung der eigenen Pers\u00f6nlichkeit. In seinem Buch, das er als Gebrauchsanweisung mit einer Mischung aus Tipps zur \u201eAufzucht und Hege\u201c zusammen mit vielen emotional geladenen Momenten bezeichnet, versucht er seine eigene Welt darzustellen. Dabei l\u00e4sst er nicht nur Familienmitglieder sondern auch Freunde und ehemalige Mitsch\u00fcler zu Wort kommen. Leo M. Kohl m\u00f6chte zwischen normalen und andersdenkenden Menschen vermitteln sowie Betroffenen, Eltern und P\u00e4dagogen Mut machen und ihnen zeigen, dass diese Kinder nicht so kompliziert sind, wenn man lernt, mit ihnen umzugehen. Sein Buch bietet neben vielen interessanten Einblicken in das Gedankenchaos und die psychischen Problemen eines Aspis, aber auch fundierte Grundlagen zum Krankheitsbild. Auf Grund der begrenzten Platzkapazit\u00e4t ist eine Voranmeldung unbedingt erforderlich.<\/p>\n<p>Ein Buchgespr\u00e4ch mit Andres Speit, dem Herausgeber des Buches \u201eReichsb\u00fcrger &#8211; Die untersch\u00e4tzte Gefahr\u201c findet am Mittwoch, den 6. Juni, 19.30 Uhr, in Kooperation mit der Landeszentrale f\u00fcr Politische Bildung statt. Als im Oktober 2016 im fr\u00e4nkischen Georgensgm\u00fcnd ein Sondereinsatzkommando der Polizei in das Wohnhaus eines \u201eReichsb\u00fcrgers\u201c eindringt, um dort gehortete Waffen zu beschlagnahmen, er\u00f6ffnet dieser das Feuer und verletzt vier Beamte. Einer von ihnen stirbt. Der Sch\u00fctze geh\u00f6rt zu jener Bewegung von Verschw\u00f6rungsfanatikern, die die Bundesrepublik und ihre Gesetze f\u00fcr nicht existent erkl\u00e4ren.<br \/>\nMit den t\u00f6dlichen Sch\u00fcssen von Georgensgm\u00fcnd \u00e4nderte sich auch die Sichtweise der Sicherheitsbeh\u00f6rden auf dieses Spektrum. Nachdem man lange Zeit das Gefahrenpotential untersch\u00e4tzt hatte und die \u201eReichsb\u00fcrger\u201c als Spinner entpolitisierte, entwickelte sich nun eine breite \u00f6ffentliche Debatte, in der ihre grunds\u00e4tzliche Ablehnung der demokratischen Verfassungsordnung thematisiert werden konnte. Noch im November 2016 k\u00fcndigte das Bundesamt f\u00fcr Verfassungsschutz eine umfassende Beobachtung der Szene an. Im Januar 2017 gab es das erste Mal Zahlen: Auf rund 10.000 Personen sch\u00e4tzte der Verfassungsschutz die Reichsb\u00fcrgerszene insgesamt. Auch die Darstellung dieses Spektrums \u00e4nderte sich und die hohe Gewaltbereitschaft der Szene wurde hervorgehoben. Das Bundeskriminalamt sprach \u00fcber die Bereitschaft zur \u201e\u00e4u\u00dfersten Gewalt bis hin zu terroristischen Aktionen\u201c. Wer sind diese \u201eReichsb\u00fcrger\u201c und welche Gefahren gehen von ihnen aus? Welche Rolle spielen sie in der rechtsextremen Szene? Der ausgewiesene Rechtsextremismus-Experte Andreas Speit beleuchtet in dem neuen Sammelband zusammen mit zehn Fachleuten die verschiedenen Erscheinungsformen dieser heterogenen Szene. Sie analysieren deren Weltbild und beschreiben ihre zunehmend gef\u00e4hrlichen Aktivit\u00e4ten.<br \/>\nAndreas Speit, Sozial\u00f6konom und Journalist, z\u00e4hlt zu den renommiertesten Kennern des Rechtsextremismus. Er war f\u00fcr das politische Feuilleton des Deutschlandfunks t\u00e4tig und schreibt u. a. f\u00fcr die \u201etaz\u201c sowie f\u00fcr den \u201eZeit\u201c-Blog St\u00f6rungsmelder. 2012 zeichnete ihn der Deutsche Journalisten-Verband mit dem Sonderpreis \u201eRechtsextremismus im Spiegel der Medien\u201c aus. Der Eintritt zur Veranstaltung ist frei. <\/p>\n<p>Mehr Informationen zur Bibliothek finden Sie unter www.biblio-gera.de.<\/p>\n<hr \/>\n<p><strong>VERKEHRSEINSCHR\u00c4NKUNGEN AM 6. JUNI 2018<\/strong><\/p>\n<p>Aufgrund des Arcaden-Firmenlaufes am Mittwoch, 6. Juni, werden die Breitscheidstra\u00dfe und die Reichsstra\u00dfe zwischen De-Smit-Stra\u00dfe und Stadtgraben in der Zeit von 17.30 Uhr bis 21 Uhr f\u00fcr den Fahrverkehr voll gesperrt. Die Umleitung erfolgt \u00fcber die De-Smit-Stra\u00dfe, Hainstra\u00dfe, Talstra\u00dfe, Erfurtstra\u00dfe. W\u00e4hrend dieser Zeit sind die Burgstra\u00dfe, die Dr. Eckener-Stra\u00dfe und der Steinweg ebenfalls f\u00fcr den Fahrverkehr gesperrt. Damit ist die Ein- und Ausfahrt aus dem Parkhaus Zentrum sowie aus dem Bereich Hinter der Mauer nicht m\u00f6glich. In den Bereichen der Fu\u00dfg\u00e4ngerzone ist aufgrund des Laufes der Lieferverkehr zwischen 18.30 Uhr und 20 Uhr ebenfalls eingeschr\u00e4nkt. Die Stadt bittet alle Verkehrsteilnehmer um Verst\u00e4ndnis und Beachtung dieser Verkehrsregelungen.<\/p>\n<hr \/>\n<p><strong>SOMMERBEPFLANZUNG IM K\u00dcCHENGARTEN<\/strong><\/p>\n<p>Voller Freude \u00fcber das Engagement des BUGA-F\u00f6rdervereins ist Herbert Z\u00f6lsmann, Gesch\u00e4ftsf\u00fchrer der Gera-Kultur GmbH. Der F\u00f6rderverein wurde bereits voriges Jahr gefragt, ob er sich an der Sommerbepflanzung des K\u00fcchengartens beteiligen m\u00f6chte. Die positive Entscheidung lie\u00df nicht lang auf sich warten, schlie\u00dflich mussten die hierf\u00fcr notwendigen 5000 Pflanzen bereits im Herbst bestellt werden.<\/p>\n<p>Seit gestern sind sie in der Erde. 15 Sorten von der Dahlie \u00fcber Salbei bis zu Knollenbegonien wurden teils Ton in Ton und auf weiteren Beeten kontrastreich von Mitarbeitern der Gera-Kultur GmbH mit Unterst\u00fctzung der Lebenshilfe Gr\u00fcnanlagen + Service gGmbH gepflanzt. Die Kosten f\u00fcr die Pflanzen in H\u00f6he von 3300 Euro hat der BUGA-F\u00f6rderverein \u00fcbernommen. <\/p>\n<p>Dabei sorgt der F\u00f6rderverein nicht nur f\u00fcr einen farbenfrohen K\u00fcchengarten. Ebenso werden die Cuba-, die Heinrichs- und die Untermh\u00e4user Br\u00fccke, die Sorge und weitere zentrale Stellen in der Stadt begr\u00fcnt. \u201eWer das Projekt unterst\u00fctzen m\u00f6chte, kann per Spende unter dem Motto \u201eSommergr\u00fcn\u201c helfen, Spendenkonto: DE72 8305 0000 0000 6320 07, Sparkasse Gera-Greiz. Auch G\u00e4rtnereien k\u00f6nnen sich mit Pflanzenspenden beteiligen\u201c, ruft Tobias Friedrich, Vorsitzender des BUGA-F\u00f6rdervereins, auf.<\/p>\n<p>Dass die Geraer viel Freude an den wechselnden Bepflanzungen im K\u00fcchengarten und dem Hofwiesenpark haben, wissen Kathy Deutscher von der Gera-Kultur GmbH und Monika K\u00f6tter von der Lebenshilfe Gr\u00fcnanlagen + Service gGmbH. Bereits w\u00e4hrend der Pflanzarbeiten bekunden die Parkbesucher ihr Interesse. Und die Abwechslung der Bepflanzung sorge immer wieder f\u00fcr Spannung, so werde jeder Geschmack bedient. Insgesamt kommen in diesen Tagen im K\u00fcchengarten und Hofwiesenpark 15 000 Blumenpflanzen im Wert von rund 10 000 Euro in die Erde.<\/p>\n<hr \/>\n<p>BALLETTWETTBEWERB<\/p>\n<p>Rashmi Torres erhielt Gold- und Silbermedaillen und den Preis \u201e Bestes Nachwuchstalent\u201c beim 11. Internationalen Tanz- und Ballettwettbewerb \u201eApplaus\u201c in F\u00fcrth. Am 19. Mai 2018 stellte sich die f\u00fcnfzehnj\u00e4hrige Rashmi Torres, Sch\u00fclerin der Ballettabteilung der Musikschule \u201eHeinrich Sch\u00fctz\u201c, wiederholt den Herausforderungen der Teilnahme an einem internationalen Ballettwettbewerbes. Rashmi tanzte zwei Duette mit Noa Amann vom Tanzstudio Pilates &amp; Ballett Hof. Dabei konnten die beiden T\u00e4nzer erste und zweite Platz und die H\u00f6chstpunktzahl von 160 Punkten erreichen. F\u00fcr ihr klassisches Solo \u201eCoppelia\u201c erhielt Rashmi gro\u00dfe Anerkennung mit dem zweiten Platz.<br \/>\nDie zus\u00e4tzliche Verleihung des Titels \u201eBestes Nachwuchstalent\u201c ist f\u00fcr Rashmi eine ganz besonders sch\u00f6ne Anerkennung. Viele ausgezeichnete junge T\u00e4nzer- und T\u00e4nzerinnen aus Russland, Schweiz, \u00d6sterreich, T\u00fcrkei und Deutschland waren beteiligt. Ihre Ballettlehrer Elvira und Igor Irmatov sind ebenfalls hocherfreut \u00fcber Rashmis Leistungen und den mehrfachen Auszeichnungen bei internationalen Wettbewerben in diesem Schuljahr.<\/p>\n<hr \/>\n<p><strong>GESCHICHTLICHER BILDVORTRAG<\/strong><\/p>\n<p>Zu einem Bildvortrag mit Wilfried Martin zum Thema \u201eDie 700-Jahr-Feier der Stadt Gera im August 1937\u201c l\u00e4dt das Stadtmuseum Gera am Donnerstag, den 31. Mai, 14 Uhr, ein. Im Jahre 1937, auf dem H\u00f6hepunkt nationalsozialistischer Herrschaft, feierte Gera den 700. Jahrestag seiner Ersterw\u00e4hnung als Stadt. In Gera wurde damit erstmals ein solches Jubil\u00e4um in Form eines gro\u00dfen Stadtfestes begangen. Wilfried Martin, der Vorsitzende des Museumsf\u00f6rdervereins, hat sich dieses Themas angenommen und stellt es am Donnerstag vor. Erl\u00e4utert werden die politische und wirtschaftliche Situation Geras, die Zielsetzung sowie die organisatorische Vorbereitung der Festwoche. An ausgew\u00e4hlten Beispielen wird der Ablauf einzelner Festtage und des Festumzuges dargestellt. Unter anderem erfahren die Zuh\u00f6rer auch, welche Rolle bekannte Geraer Pers\u00f6nlichkeiten wie Otto Dix, der Stadtarchivar E. P. Kretschmer, der Geologie-Professor Hundt und Erbprinz Heinrich XLV. Reu\u00df j\u00fcngerer Linie in diesem Zusammenhang spielten.<\/p>\n","protected":false},"excerpt":{"rendered":"<div class=\"mh-excerpt\"><p>BUNDESWEHR HILFT IM TIERPARK Das Sturmtief \u201eFriederike\u201c hatte am 18. Januar 2018 immense Sch\u00e4den im Tierpark angerichtet. Zahlreiche B\u00e4ume waren umgeknickt. Auch das Stallgeb\u00e4ude der Poitouesel war betroffen. Umst\u00fcrzende B\u00e4ume hatten das Dach zu zwei <a class=\"mh-excerpt-more\" href=\"https:\/\/www.studiogera.de\/001\/2018\/05\/28\/meldungen-der-stadtverwaltung-14\/\" title=\"MELDUNGEN DER STADTVERWALTUNG\">[&#8230;]<\/a><\/p>\n<\/div>","protected":false},"author":2,"featured_media":3985,"comment_status":"open","ping_status":"open","sticky":false,"template":"","format":"standard","meta":{"footnotes":""},"categories":[16],"tags":[],"class_list":{"0":"post-3982","1":"post","2":"type-post","3":"status-publish","4":"format-standard","5":"has-post-thumbnail","7":"category-kurzmitteilungen"},"_links":{"self":[{"href":"https:\/\/www.studiogera.de\/001\/wp-json\/wp\/v2\/posts\/3982","targetHints":{"allow":["GET"]}}],"collection":[{"href":"https:\/\/www.studiogera.de\/001\/wp-json\/wp\/v2\/posts"}],"about":[{"href":"https:\/\/www.studiogera.de\/001\/wp-json\/wp\/v2\/types\/post"}],"author":[{"embeddable":true,"href":"https:\/\/www.studiogera.de\/001\/wp-json\/wp\/v2\/users\/2"}],"replies":[{"embeddable":true,"href":"https:\/\/www.studiogera.de\/001\/wp-json\/wp\/v2\/comments?post=3982"}],"version-history":[{"count":3,"href":"https:\/\/www.studiogera.de\/001\/wp-json\/wp\/v2\/posts\/3982\/revisions"}],"predecessor-version":[{"id":3987,"href":"https:\/\/www.studiogera.de\/001\/wp-json\/wp\/v2\/posts\/3982\/revisions\/3987"}],"wp:featuredmedia":[{"embeddable":true,"href":"https:\/\/www.studiogera.de\/001\/wp-json\/wp\/v2\/media\/3985"}],"wp:attachment":[{"href":"https:\/\/www.studiogera.de\/001\/wp-json\/wp\/v2\/media?parent=3982"}],"wp:term":[{"taxonomy":"category","embeddable":true,"href":"https:\/\/www.studiogera.de\/001\/wp-json\/wp\/v2\/categories?post=3982"},{"taxonomy":"post_tag","embeddable":true,"href":"https:\/\/www.studiogera.de\/001\/wp-json\/wp\/v2\/tags?post=3982"}],"curies":[{"name":"wp","href":"https:\/\/api.w.org\/{rel}","templated":true}]}}