{"id":3994,"date":"2018-05-30T12:37:09","date_gmt":"2018-05-30T10:37:09","guid":{"rendered":"http:\/\/www.studiogera.de\/001\/?p=3994"},"modified":"2018-05-30T12:40:26","modified_gmt":"2018-05-30T10:40:26","slug":"strassenmusikfest-fete-de-la-musique","status":"publish","type":"post","link":"https:\/\/www.studiogera.de\/001\/2018\/05\/30\/strassenmusikfest-fete-de-la-musique\/","title":{"rendered":"STRASSENMUSIKFEST &#8222;FETE DE LA MUSIQUE&#8220; AM 21. JUNI"},"content":{"rendered":"<p>Wenn am 21. Juni 2018 von 16 Uhr bis 22 Uhr Musik auf vielen Stra\u00dfen und Pl\u00e4tzen der Geraer Innenstadt erklingt, gibt es bereits zum f\u00fcnften Mal die F\u00eate de la Musique. Eintausend St\u00e4dte weltweit, darunter 50 St\u00e4dte in Deutschland, beteiligen sich an dem Stra\u00dfenmusikfest \u2013 und Gera geh\u00f6rt dazu.<\/p>\n<p>Nach Gera gebracht hat die F\u00eate de la Musique Prof. Dr. Lothar Hoffmann. Er erlebte das Musikfest erstmals bei einem Familienbesuch in Frankreich, dem Mutterland dieses Festes. J\u00e4hrlich zum Tag des Sommerbeginns werden Innenst\u00e4dte musikalisch zum klingen gebracht. <\/p>\n<p>Bereits \u00fcber 60 Formationen aller Musikrichtungen haben sich in Gera angemeldet. Alle Musiker, ob Profis oder Amateure, verzichten an diesem Tag auf ihre Gage. Trotzdem sind j\u00e4hrlich Kosten in H\u00f6he von rund 25 000 Euro zu stemmen, berichtet Hoffmann. Diese Kosten entstehen vor allem durch eine aufwendige Marketingarbeit und die finanzielle Unterst\u00fctzung der ausw\u00e4rtigen K\u00fcnstler bei den \u00dcbernachtungskosten. 2018 kommen die K\u00fcnstler nicht nur aus Deutschland sondern auch aus Kiew, Prag, \u00d6sterreich, Italien oder der Schweiz.<\/p>\n<p>Der Verein \u201eMusik f\u00fcr Gera e. V.\u201d ist zur Organisation der f\u00fcnften F\u00eate de la Musique wieder auf viele Sponsoren angewiesen. Dieses kulturelle Engagement m\u00f6chte dieWohnungsbaugesellschaft \u201eGl\u00fcck Auf\u201d auch in diesem Jahr finanziell unterst\u00fctzen und spendet 750 Euro an den Verein. Weiterhin sagte der Vorstandsvorsitzende Uwe Klinger f\u00fcr 2019 die Hilfe bei der Unterbringung von K\u00fcnstlern in G\u00e4stewohnungen der Genossenschaft zu.<\/p>\n<p>BILD UND TEXT: STADTVERWALTUNG\/WBG GL\u00dcCK AUF<\/p>\n","protected":false},"excerpt":{"rendered":"<div class=\"mh-excerpt\"><p>Wenn am 21. Juni 2018 von 16 Uhr bis 22 Uhr Musik auf vielen Stra\u00dfen und Pl\u00e4tzen der Geraer Innenstadt erklingt, gibt es bereits zum f\u00fcnften Mal die F\u00eate de la Musique. Eintausend St\u00e4dte weltweit, <a class=\"mh-excerpt-more\" href=\"https:\/\/www.studiogera.de\/001\/2018\/05\/30\/strassenmusikfest-fete-de-la-musique\/\" title=\"STRASSENMUSIKFEST &#8222;FETE DE LA MUSIQUE&#8220; AM 21. JUNI\">[&#8230;]<\/a><\/p>\n<\/div>","protected":false},"author":2,"featured_media":3995,"comment_status":"open","ping_status":"open","sticky":false,"template":"","format":"standard","meta":{"footnotes":""},"categories":[8],"tags":[],"class_list":{"0":"post-3994","1":"post","2":"type-post","3":"status-publish","4":"format-standard","5":"has-post-thumbnail","7":"category-kultur"},"_links":{"self":[{"href":"https:\/\/www.studiogera.de\/001\/wp-json\/wp\/v2\/posts\/3994","targetHints":{"allow":["GET"]}}],"collection":[{"href":"https:\/\/www.studiogera.de\/001\/wp-json\/wp\/v2\/posts"}],"about":[{"href":"https:\/\/www.studiogera.de\/001\/wp-json\/wp\/v2\/types\/post"}],"author":[{"embeddable":true,"href":"https:\/\/www.studiogera.de\/001\/wp-json\/wp\/v2\/users\/2"}],"replies":[{"embeddable":true,"href":"https:\/\/www.studiogera.de\/001\/wp-json\/wp\/v2\/comments?post=3994"}],"version-history":[{"count":3,"href":"https:\/\/www.studiogera.de\/001\/wp-json\/wp\/v2\/posts\/3994\/revisions"}],"predecessor-version":[{"id":3998,"href":"https:\/\/www.studiogera.de\/001\/wp-json\/wp\/v2\/posts\/3994\/revisions\/3998"}],"wp:featuredmedia":[{"embeddable":true,"href":"https:\/\/www.studiogera.de\/001\/wp-json\/wp\/v2\/media\/3995"}],"wp:attachment":[{"href":"https:\/\/www.studiogera.de\/001\/wp-json\/wp\/v2\/media?parent=3994"}],"wp:term":[{"taxonomy":"category","embeddable":true,"href":"https:\/\/www.studiogera.de\/001\/wp-json\/wp\/v2\/categories?post=3994"},{"taxonomy":"post_tag","embeddable":true,"href":"https:\/\/www.studiogera.de\/001\/wp-json\/wp\/v2\/tags?post=3994"}],"curies":[{"name":"wp","href":"https:\/\/api.w.org\/{rel}","templated":true}]}}