{"id":39971,"date":"2025-11-13T04:07:34","date_gmt":"2025-11-13T03:07:34","guid":{"rendered":"https:\/\/www.studiogera.de\/001\/?p=39971"},"modified":"2025-11-13T04:07:35","modified_gmt":"2025-11-13T03:07:35","slug":"stadtrat-beschliesst-haushaltsplan-2026","status":"publish","type":"post","link":"https:\/\/www.studiogera.de\/001\/2025\/11\/13\/stadtrat-beschliesst-haushaltsplan-2026\/","title":{"rendered":"STADTRAT BESCHLIESST HAUSHALTSPLAN 2026"},"content":{"rendered":"\n<p><em>Beschlossen wurde ein ausgeglichener Haushalt mit hohem Investitionsvolumen.<\/em><\/p>\n\n\n\n<p>Der Stadtrat hat in seiner Sitzung vom 12. November 2025 den Haushaltsplan 2026 mit einem Gesamtvolumen von \u00fcber 400 Millionen Euro beschlossen. Das Gremium stimmte mehrheitlich f\u00fcr die Haushaltssatzung der Stadt Gera. Im Mittelpunkt steht eine deutliche Ausweitung der Investitionst\u00e4tigkeit. Die Stadt Gera setzt damit ihren Kurs fort, aktiv in Infrastruktur, Wirtschaftskraft und Lebensqualit\u00e4t zu investieren. Mit rund 57,5 Millionen Euro erreichen die geplanten Investitionen 2026 den h\u00f6chsten Stand der vergangenen Jahre. Gegen\u00fcber dem Investitionsvolumen des Jahres 2025 bedeutet dies eine erneute Steigerung um rund 47 %. Oberb\u00fcrgermeister Kurt Dannenberg erkl\u00e4rte:<\/p>\n\n\n\n<blockquote class=\"wp-block-quote is-layout-flow wp-block-quote-is-layout-flow\">\n<p>\u201eMit dem heutigen Beschluss des Haushaltsplans 2026 hat der Stadtrat ein starkes Zeichen f\u00fcr die Zukunft unserer Stadt gesetzt. Ein ausgeglichener Haushalt in dieser Gr\u00f6\u00dfenordnung \u2013 noch dazu bereits im Jahr vor seinem Inkrafttreten \u2013 ist alles andere als selbstverst\u00e4ndlich. Darauf d\u00fcrfen wir als Stadt stolz sein.\u201c<\/p>\n<\/blockquote>\n\n\n\n<p>Gerade in wirtschaftlich herausfordernden Zeiten sei es wichtig, antizyklisch zu handeln, um Wachstum, Besch\u00e4ftigung und Lebensqualit\u00e4t durch Investitionen u. a. in Stra\u00dfen, Schulen, Kultur, Digitalisierung und nachhaltige Stadtentwicklung zu sichern, fuhr Dannenberg fort.<\/p>\n\n\n\n<p>Die Investitionsf\u00e4higkeit der Stadt Gera st\u00fctzt sich unter anderem auch auf das \u201e1 Milliarde Euro \u2013 Investitionsprogramm\u201c des Landes Th\u00fcringen f\u00fcr die Jahre 2026 bis 2029. Im Rahmen dieses Programms erh\u00e4lt Gera Mittel in H\u00f6he von insgesamt rund 41,3 Millionen Euro. Bereits f\u00fcr 2026 sind rund 26,9 Millionen Euro und f\u00fcr 2027 rund 14,4 Millionen Euro als investive Einzahlungen im Haushalt veranschlagt. Damit werden Projekte wie die Baufortf\u00fchrung des Bildungscampus Lusan als Gro\u00dfprojekt, die Sanierung der Schulsporthallen, die Erneuerung der Radrennbahn, der Ausbau des \u00d6PNV, z. B. am Gleisdreieck Wiesestra\u00dfe, Stra\u00dfeninstandsetzungen, z. B. an Freitag- und Gessentalstra\u00dfe, Hochwasserschutzma\u00dfnahmen an Bieblacher Hang und der Wipse, die Verbesserung der Infrastruktur und Fahrzeuge f\u00fcr das Amt f\u00fcr Brand- und Katastrophenschutz sowie auch Planungsleistungen zum Neubau einer Leitstelle und zur Sanierung des Kultur- und Kongresszentrums in gro\u00dfen Teilen finanziert.<\/p>\n\n\n\n<p>Der Oberb\u00fcrgermeister wandte sich an die Mitwirkenden:<\/p>\n\n\n\n<blockquote class=\"wp-block-quote is-layout-flow wp-block-quote-is-layout-flow\">\n<p>\u201eMein besonderer Dank gilt allen Mitgliedern des Stadtrats sowie der Arbeitsgruppe B\u00fcrgerhaushalt f\u00fcr die konstruktiven Beratungen und die breite Unterst\u00fctzung dieses Haushalts. Ebenso danke ich allen Mitarbeiterinnen und Mitarbeitern der Stadtverwaltung \u2013 insbesondere der K\u00e4mmerei \u2013 f\u00fcr die engagierte und sachorientierte Arbeit an der Haushaltsplanerstellung. Trotz schwieriger Rahmenbedingungen ist es uns allen gemeinsam gelungen, die Handlungsf\u00e4higkeit der Stadt zu sichern und wichtige Investitionen fortzuf\u00fchren.\u201c<\/p>\n<\/blockquote>\n\n\n\n<p>Mit dem Beschluss vom 12. November 2025 kann der Haushaltsplan 2026 dem Th\u00fcringer Landesverwaltungsamt zur W\u00fcrdigung vorgelegt werden.<\/p>\n\n\n\n<p>QUELLE: STADTVERWALTUNG<\/p>\n","protected":false},"excerpt":{"rendered":"<div class=\"mh-excerpt\"><p>Beschlossen wurde ein ausgeglichener Haushalt mit hohem Investitionsvolumen. Der Stadtrat hat in seiner Sitzung vom 12. November 2025 den Haushaltsplan 2026 mit einem Gesamtvolumen von \u00fcber 400 Millionen Euro beschlossen. Das Gremium stimmte mehrheitlich f\u00fcr <a class=\"mh-excerpt-more\" href=\"https:\/\/www.studiogera.de\/001\/2025\/11\/13\/stadtrat-beschliesst-haushaltsplan-2026\/\" title=\"STADTRAT BESCHLIESST HAUSHALTSPLAN 2026\">[&#8230;]<\/a><\/p>\n<\/div>","protected":false},"author":2,"featured_media":39751,"comment_status":"open","ping_status":"open","sticky":false,"template":"","format":"standard","meta":{"footnotes":""},"categories":[3],"tags":[],"class_list":{"0":"post-39971","1":"post","2":"type-post","3":"status-publish","4":"format-standard","5":"has-post-thumbnail","7":"category-lokal"},"_links":{"self":[{"href":"https:\/\/www.studiogera.de\/001\/wp-json\/wp\/v2\/posts\/39971","targetHints":{"allow":["GET"]}}],"collection":[{"href":"https:\/\/www.studiogera.de\/001\/wp-json\/wp\/v2\/posts"}],"about":[{"href":"https:\/\/www.studiogera.de\/001\/wp-json\/wp\/v2\/types\/post"}],"author":[{"embeddable":true,"href":"https:\/\/www.studiogera.de\/001\/wp-json\/wp\/v2\/users\/2"}],"replies":[{"embeddable":true,"href":"https:\/\/www.studiogera.de\/001\/wp-json\/wp\/v2\/comments?post=39971"}],"version-history":[{"count":1,"href":"https:\/\/www.studiogera.de\/001\/wp-json\/wp\/v2\/posts\/39971\/revisions"}],"predecessor-version":[{"id":39972,"href":"https:\/\/www.studiogera.de\/001\/wp-json\/wp\/v2\/posts\/39971\/revisions\/39972"}],"wp:featuredmedia":[{"embeddable":true,"href":"https:\/\/www.studiogera.de\/001\/wp-json\/wp\/v2\/media\/39751"}],"wp:attachment":[{"href":"https:\/\/www.studiogera.de\/001\/wp-json\/wp\/v2\/media?parent=39971"}],"wp:term":[{"taxonomy":"category","embeddable":true,"href":"https:\/\/www.studiogera.de\/001\/wp-json\/wp\/v2\/categories?post=39971"},{"taxonomy":"post_tag","embeddable":true,"href":"https:\/\/www.studiogera.de\/001\/wp-json\/wp\/v2\/tags?post=39971"}],"curies":[{"name":"wp","href":"https:\/\/api.w.org\/{rel}","templated":true}]}}