{"id":4014,"date":"2018-06-05T13:10:15","date_gmt":"2018-06-05T11:10:15","guid":{"rendered":"http:\/\/www.studiogera.de\/001\/?p=4014"},"modified":"2021-07-28T14:53:38","modified_gmt":"2021-07-28T12:53:38","slug":"vorbereitungen-fuer-den-kriegsfall-in-osteuropa","status":"publish","type":"post","link":"https:\/\/www.studiogera.de\/001\/2018\/06\/05\/vorbereitungen-fuer-den-kriegsfall-in-osteuropa\/","title":{"rendered":"VORBEREITUNGEN F\u00dcR DEN KRIEGSFALL IN OSTEUROPA"},"content":{"rendered":"<p>Je gef\u00e4hrdeter die innere Stabilit\u00e4t der EU, desto st\u00e4rker wird diese an der Ostflanke gesichert. Wirtschaft, W\u00e4hrung, Migration und die daraus folgende gesellschaftliche Fragmentierung bereiten der Union zunehmend Probleme und k\u00f6nnten Austrittsgedanken provozieren. Davon geht man auch in Russland aus und kalkuliert nach Chancen und Risiken.<\/p>\n<p>Wie sich das Milit\u00e4r der westlichen Staaten auf einen m\u00f6glichen Krieg vorbereitet, kann man dieser Tage den Zeitungen und Rundfunkberichten (FAZ, SZ, WAMS, DLF) entnehmen.<\/p>\n<p>Die NATO-Staaten informierten Russland \u00fcber ein Gro\u00dfman\u00f6ver mit rund 40&#8217;000 Soldaten, darunter 8000 Soldaten der Bundeswehr. Es soll im Herbst dieses Jahres stattfinden. Mitgeteilt wurde dies in Br\u00fcssel bei der Sitzung des NATO-Russland-Rates.<\/p>\n<p>Ihr neues Hauptquartier f\u00fcr schnelle Truppen- und Materialtransporte will die NATO in Ulm\/Baden-W\u00fcrttemberg aufbauen und folgt damit einem entsprechenden Angebot der Bundesregierung. Die NATO reagiere auf die Au\u00dfenpolitik Russlands. Das Milit\u00e4rb\u00fcndnis, vor allem die \u00f6stlichen Mitgliedsstaaten, empfinden diese als aggressiv und nennen als Beispiel die Annexion der Krim.<\/p>\n<p>Laut der Zeitung &#8222;Welt am Sonntag&#8220; plant die NATO eine neue Eingreiftruppe mit rund 30&#8217;000 Soldaten. Initiator des Vorhabens sind die USA. Das Milit\u00e4rb\u00fcndnis soll f\u00fcr den Fall eines Angriffskrieges aus Russland seine Reaktionsf\u00e4higkeit verbessern und weiter aufr\u00fcsten. Die Eingreiftruppe muss innerhalb von 30 Tagen einsazbereit sein und wird \u00fcber mehrere hundert Kampf-Flugzeuge und Schiffe verf\u00fcgen. Deutschland soll eine f\u00fchrende Rolle bei der Koordinierung \u00fcbernehmen. Die Eingreiftruppe soll zus\u00e4tzlich zur bestehenden NATO-Reaktionstruppe NRF aufgebaut werden.<\/p>\n<p>Rund 18&#8217;000 Soldaten aus 19 NATO- und Nicht-NATO-Staaten nehmen an einer Milit\u00e4r\u00fcbung in Polen und im Baltikum teil. An dem Man\u00f6ver unter dem Kommando der USA beteiligt sich auch die Bundeswehr. Es endet Mitte Juni 2018 und wird seit 2010 jedes Jahr durchgef\u00fchrt.<\/p>\n<p>Die polnische Regierung bittet die USA darum, dauerhaft eine Panzerdivision in Polen zu stationieren und will daf\u00fcr bis zu zwei Milliarden US-Dollar zur Verf\u00fcgung zu stellen. Das polnische Verteidigungsministerium nannte die Bedrohung durch Russland als Grund. Seit dem Jahre 2017 sind US-Truppen im Rahmen einer NATO-Verteidigungsinitiative in Polen stationiert.<\/p>\n<p>Allerdings wird den Medien vorgeworfen, bei der Berichterstattung jeweils nur Teilaspekte auszuleuchten. In welches Gesamtbild sich diese einf\u00fcgen, sei dann nicht mehr erkennbar, sagen unabh\u00e4ngige Quellen. Es geht das Ger\u00fccht in diversen Kreisen, taktangebende Schattenprotagonisten auf westlicher Seite wollten die EU zun\u00e4chst politisch und gesellschaftlich destabilisieren, um f\u00fcr den n\u00e4chsten Wirtschaftszyklus ein sehr viel wirksameres System von Abh\u00e4ngigkeit und Kontrolle implementieren zu k\u00f6nnen. Den Weg daf\u00fcr werde die Politik ebnen, wenn die Bev\u00f6lkerung ab einem bestimmten Moment gef\u00fchlter Unordnung selbst einwilligt und etwa nach strengeren Regeln und h\u00e4rteren Strafen verlangt. Die n\u00f6tige juristische und technische Infrastruktur baue sich dann quasi von selbst auf. W\u00e4hrend der vor\u00fcbergehenden Schw\u00e4chephase am Ende dieses Wirtschaftszyklus sei die EU allerdings in wirtschaftlicher Hinsicht teilweise einnehmbar, sodass in der Not neue Verh\u00e4ltnisse entstehen k\u00f6nnten. Russland warte auf die Gelegenheit, die Richtung der Abh\u00e4ngigkeiten nach Osten zu drehen und seine Position zu st\u00e4rken. Deshalb, so hei\u00dft es, wolle der Westen das Land auf Abstand halten.<br \/>\nF\u00fcr diese Darstellung gibt es allerdings keine Belege.<\/p>\n","protected":false},"excerpt":{"rendered":"<div class=\"mh-excerpt\"><p>Je gef\u00e4hrdeter die innere Stabilit\u00e4t der EU, desto st\u00e4rker wird diese an der Ostflanke gesichert. Wirtschaft, W\u00e4hrung, Migration und die daraus folgende gesellschaftliche Fragmentierung bereiten der Union zunehmend Probleme und k\u00f6nnten Austrittsgedanken provozieren. Davon geht <a class=\"mh-excerpt-more\" href=\"https:\/\/www.studiogera.de\/001\/2018\/06\/05\/vorbereitungen-fuer-den-kriegsfall-in-osteuropa\/\" title=\"VORBEREITUNGEN F\u00dcR DEN KRIEGSFALL IN OSTEUROPA\">[&#8230;]<\/a><\/p>\n<\/div>","protected":false},"author":2,"featured_media":0,"comment_status":"open","ping_status":"open","sticky":false,"template":"","format":"standard","meta":{"footnotes":""},"categories":[2],"tags":[],"class_list":{"0":"post-4014","1":"post","2":"type-post","3":"status-publish","4":"format-standard","6":"category-weltweit"},"_links":{"self":[{"href":"https:\/\/www.studiogera.de\/001\/wp-json\/wp\/v2\/posts\/4014","targetHints":{"allow":["GET"]}}],"collection":[{"href":"https:\/\/www.studiogera.de\/001\/wp-json\/wp\/v2\/posts"}],"about":[{"href":"https:\/\/www.studiogera.de\/001\/wp-json\/wp\/v2\/types\/post"}],"author":[{"embeddable":true,"href":"https:\/\/www.studiogera.de\/001\/wp-json\/wp\/v2\/users\/2"}],"replies":[{"embeddable":true,"href":"https:\/\/www.studiogera.de\/001\/wp-json\/wp\/v2\/comments?post=4014"}],"version-history":[{"count":4,"href":"https:\/\/www.studiogera.de\/001\/wp-json\/wp\/v2\/posts\/4014\/revisions"}],"predecessor-version":[{"id":15980,"href":"https:\/\/www.studiogera.de\/001\/wp-json\/wp\/v2\/posts\/4014\/revisions\/15980"}],"wp:attachment":[{"href":"https:\/\/www.studiogera.de\/001\/wp-json\/wp\/v2\/media?parent=4014"}],"wp:term":[{"taxonomy":"category","embeddable":true,"href":"https:\/\/www.studiogera.de\/001\/wp-json\/wp\/v2\/categories?post=4014"},{"taxonomy":"post_tag","embeddable":true,"href":"https:\/\/www.studiogera.de\/001\/wp-json\/wp\/v2\/tags?post=4014"}],"curies":[{"name":"wp","href":"https:\/\/api.w.org\/{rel}","templated":true}]}}