{"id":40160,"date":"2025-11-21T18:27:59","date_gmt":"2025-11-21T17:27:59","guid":{"rendered":"https:\/\/www.studiogera.de\/001\/?p=40160"},"modified":"2025-11-22T21:38:19","modified_gmt":"2025-11-22T20:38:19","slug":"diskussion-ueber-anstieg-haeuslicher-gewalt","status":"publish","type":"post","link":"https:\/\/www.studiogera.de\/001\/2025\/11\/21\/diskussion-ueber-anstieg-haeuslicher-gewalt\/","title":{"rendered":"DISKUSSION \u00dcBER ANSTIEG H\u00c4USLICHER GEWALT"},"content":{"rendered":"\n<p>Der Lagebericht des Bundeskriminalamtes zeigt einen deutlichen Anstieg der h\u00e4uslichen Gewalt gegen\u00fcber Frauen und M\u00e4dchen. Auch die Zahl der Femizide steht zunehmend im Fokus. Als Ursachen werden belastende Faktoren wie Arbeitslosigkeit und Wohnraumengp\u00e4sse angegeben. Verallgemeinernd ist in \u00f6ffentlichen Diskussionen h\u00e4ufig von M\u00e4nnern die Rede, da drei Viertel aller Tatverd\u00e4chtigen diesen Geschlechts sind. Doch immer mehr M\u00e4nner wehren sich gegen eine Pauschalisierung, durch die sie als Risikofaktor angesehen werden, ohne einer Frau je etwas getan zu haben. Menschen aufgrund \u00e4u\u00dferer oder biologischer Merkmale in Risikogruppen einzuteilen, sei ein Prinzip des Rassismus, hei\u00dft es unter anderem.<\/p>\n\n\n\n<p>Unl\u00e4ngst erregte eine Sendung des WDR die Aufmerksamkeit vieler Zuschauer. In der \u201eLokalzeit\u201c wurden beispielhaft F\u00e4lle von Femiziden gezeigt, bei denen nicht n\u00e4her auf die T\u00e4ter eingegangen wurde. Es folgten heftige Reaktionen in den sozialen Netzwerken. Abgleiche mit anderen Medien wie RTL West oder lokalen Zeitungen zeigten, dass es sich jeweils um einen Syrer, Rum\u00e4nen, Kosovaren, T\u00fcrken und Mazedonier handelte. Kritiker der geschlechtsbezogenen Deutung von Gewalt erkl\u00e4ren sich die Zahlen vor allem mit der Kultur, Erziehung und Glaubensgrunds\u00e4tzen. Ehrenmorde w\u00fcrden ebenfalls die in die Statistik einflie\u00dfen und dann, um bestimmte Gruppen nicht unter Generalverdacht zu stellen, mit m\u00e4nnlichen Verhaltensweisen grunds\u00e4tzlich in Verbindung gebracht.<\/p>\n\n\n\n<p>Studien zeigen, dass bei Femiziden etwa ein Drittel der Tatverd\u00e4chtigen einen Migrationshintergrund haben, w\u00e4hrend nur etwa 12 % der Menschen in Deutschland ausl\u00e4ndische Wurzeln haben. Die h\u00e4ufigsten nichtdeutschen Staatsangeh\u00f6rigkeiten der T\u00e4ter waren afghanisch, rum\u00e4nisch und syrisch. Bei h\u00e4uslicher Gewalt gegen Frauen und M\u00e4dchen werden hingegen \u00fcberwiegend Deutsche als Tatverd\u00e4chtige genannt.<\/p>\n\n\n\n<p>Die Diskussion \u00fcber die T\u00e4ter und deren Herkunft findet wegen der \u00dcberrepr\u00e4sentation bestimmter Gruppen bei schweren Gewalttaten seit der massiven Zuwanderung kein Ende und wird durch jede Tat neu entfacht. Die Allgemeinheit assoziiert mit der Herkunft eine kulturelle Pr\u00e4gung, die mitgenommen wird, sich auch im Ankunftsland zeigt und teilweise auf die nachfolgende Generation \u00fcbergeht.<\/p>\n\n\n\n<p>Andererseits sind gem\u00e4\u00df einer weltweiten Ipsos-Studie 83 % der Frauen, die verheiratet sind oder sich in einer Beziehung befinden, mit ihrer Beziehung zufrieden. In Deutschland liegt dieser Anteil bei 85 %.<\/p>\n\n\n\n<hr class=\"wp-block-separator has-alpha-channel-opacity\" \/>\n\n\n\n<p><em>Erg\u00e4nzung der Redaktion: Auf Nachfrage des Journalisten Erik Rusch von \u201eEpoch Times\u201c zur Vorstellung der Bundeslagebilder \u201eH\u00e4usliche Gewalt 2024\u201c und \u201eGeschlechtsspezifisch gegen Frauen gerichtete Straftaten 2024\u201c bei der Bundespressekonferenz am 21. November 2025 beschrieb der Bundesminister des Innern der Bundesrepublik Deutschland, Alexander Dobrindt, eine deutliche \u00dcberrepr\u00e4sentanz nichtdeutscher Tatverd\u00e4chtiger, bezogen auf den Wohnbev\u00f6lkerungsanteil. Was die Partnerschaftsgewalt anbelangt, ist bei den nichtdeutschen Tatverd\u00e4chtigen gegen\u00fcber dem Vorjahr ein Anstieg um 2,4 % zu verzeichnen, bei den deutschen Tatverd\u00e4chtigen ein Anstieg um 0,9 %.<\/em><\/p>\n","protected":false},"excerpt":{"rendered":"<div class=\"mh-excerpt\"><p>Der Lagebericht des Bundeskriminalamtes zeigt einen deutlichen Anstieg der h\u00e4uslichen Gewalt gegen\u00fcber Frauen und M\u00e4dchen. Auch die Zahl der Femizide steht zunehmend im Fokus. Als Ursachen werden belastende Faktoren wie Arbeitslosigkeit und Wohnraumengp\u00e4sse angegeben. Verallgemeinernd <a class=\"mh-excerpt-more\" href=\"https:\/\/www.studiogera.de\/001\/2025\/11\/21\/diskussion-ueber-anstieg-haeuslicher-gewalt\/\" title=\"DISKUSSION \u00dcBER ANSTIEG H\u00c4USLICHER GEWALT\">[&#8230;]<\/a><\/p>\n<\/div>","protected":false},"author":2,"featured_media":40162,"comment_status":"open","ping_status":"open","sticky":false,"template":"","format":"standard","meta":{"footnotes":""},"categories":[6],"tags":[],"class_list":{"0":"post-40160","1":"post","2":"type-post","3":"status-publish","4":"format-standard","5":"has-post-thumbnail","7":"category-gesellschaft"},"_links":{"self":[{"href":"https:\/\/www.studiogera.de\/001\/wp-json\/wp\/v2\/posts\/40160","targetHints":{"allow":["GET"]}}],"collection":[{"href":"https:\/\/www.studiogera.de\/001\/wp-json\/wp\/v2\/posts"}],"about":[{"href":"https:\/\/www.studiogera.de\/001\/wp-json\/wp\/v2\/types\/post"}],"author":[{"embeddable":true,"href":"https:\/\/www.studiogera.de\/001\/wp-json\/wp\/v2\/users\/2"}],"replies":[{"embeddable":true,"href":"https:\/\/www.studiogera.de\/001\/wp-json\/wp\/v2\/comments?post=40160"}],"version-history":[{"count":4,"href":"https:\/\/www.studiogera.de\/001\/wp-json\/wp\/v2\/posts\/40160\/revisions"}],"predecessor-version":[{"id":40177,"href":"https:\/\/www.studiogera.de\/001\/wp-json\/wp\/v2\/posts\/40160\/revisions\/40177"}],"wp:featuredmedia":[{"embeddable":true,"href":"https:\/\/www.studiogera.de\/001\/wp-json\/wp\/v2\/media\/40162"}],"wp:attachment":[{"href":"https:\/\/www.studiogera.de\/001\/wp-json\/wp\/v2\/media?parent=40160"}],"wp:term":[{"taxonomy":"category","embeddable":true,"href":"https:\/\/www.studiogera.de\/001\/wp-json\/wp\/v2\/categories?post=40160"},{"taxonomy":"post_tag","embeddable":true,"href":"https:\/\/www.studiogera.de\/001\/wp-json\/wp\/v2\/tags?post=40160"}],"curies":[{"name":"wp","href":"https:\/\/api.w.org\/{rel}","templated":true}]}}