{"id":40164,"date":"2025-11-21T18:45:57","date_gmt":"2025-11-21T17:45:57","guid":{"rendered":"https:\/\/www.studiogera.de\/001\/?p=40164"},"modified":"2025-11-21T18:47:26","modified_gmt":"2025-11-21T17:47:26","slug":"informationen-der-selbsthilfegruppen-27","status":"publish","type":"post","link":"https:\/\/www.studiogera.de\/001\/2025\/11\/21\/informationen-der-selbsthilfegruppen-27\/","title":{"rendered":"INFORMATIONEN DER SELBSTHILFEGRUPPEN"},"content":{"rendered":"\n<p>Das n\u00e4chste Treffen der Selbsthilfegruppe Osteoporose findet statt am Donnerstag, den 4. Dezember 2025, um 16 Uhr in der Ehrenamtszentrale Kornmarkt 7. Die Selbsthilfegruppe Lip\u00f6dem\/Lymph\u00f6dem kommt dort am selben Tag ebenfalls um 16 Uhr zusammen.<\/p>\n\n\n\n<p>Im Oktober vor 30 Jahren wurde in Gera die erste Selbsthilfegruppe f\u00fcr Parkinson-Betroffene gegr\u00fcndet. Die Feier zum Jubil\u00e4um fand im \u201eEichenhof\u201c statt. Die Gr\u00fcndung der Selbsthilfegruppe erfolgte auf Initiative der Neurologen Dr. Oehlwein und Dr. Krajewski, gemeinsam mit dem damaligen Leiter Herrn Krause. In der damaligen Kontaktstelle kamen die ersten Mitglieder zusammen \u2013 vereint durch das Ziel, gemeinsam besser mit der Erkrankung leben zu lernen. Die Gruppe mit etwa 20 Aktiven trifft sich jeden dritten Mittwoch im Monat um 14 Uhr in der Begegnungsst\u00e4tte \u201eEichenhof\u201c in Lusan. Neben den monatlichen Treffen geh\u00f6ren Fachvortr\u00e4ge, Spielenachmittage, gemeinsame Ausfl\u00fcge und Informationsveranstaltungen zum festen Bestandteil des Gruppenlebens. Viele Mitglieder engagieren sich zudem sportlich in der Pingpong-Parkinsongruppe, die Bewegung und Freude miteinander verbindet. \u00dcber die Kontaktstelle f\u00fcr Selbsthilfegruppen der Stadt Gera besteht eine enge Kooperation mit dem SRH Wald-Klinikum und weiteren Fach\u00e4rzten der Region. So werden Informationen aus erster Hand weitergegeben und Betroffene bestm\u00f6glich begleitet.<\/p>\n\n\n\n<p>QUELLE: STADTVERWALTUNG<\/p>\n","protected":false},"excerpt":{"rendered":"<div class=\"mh-excerpt\"><p>Das n\u00e4chste Treffen der Selbsthilfegruppe Osteoporose findet statt am Donnerstag, den 4. Dezember 2025, um 16 Uhr in der Ehrenamtszentrale Kornmarkt 7. Die Selbsthilfegruppe Lip\u00f6dem\/Lymph\u00f6dem kommt dort am selben Tag ebenfalls um 16 Uhr zusammen. <a class=\"mh-excerpt-more\" href=\"https:\/\/www.studiogera.de\/001\/2025\/11\/21\/informationen-der-selbsthilfegruppen-27\/\" title=\"INFORMATIONEN DER SELBSTHILFEGRUPPEN\">[&#8230;]<\/a><\/p>\n<\/div>","protected":false},"author":2,"featured_media":40166,"comment_status":"open","ping_status":"open","sticky":false,"template":"","format":"standard","meta":{"footnotes":""},"categories":[16],"tags":[],"class_list":{"0":"post-40164","1":"post","2":"type-post","3":"status-publish","4":"format-standard","5":"has-post-thumbnail","7":"category-kurzmitteilungen"},"_links":{"self":[{"href":"https:\/\/www.studiogera.de\/001\/wp-json\/wp\/v2\/posts\/40164","targetHints":{"allow":["GET"]}}],"collection":[{"href":"https:\/\/www.studiogera.de\/001\/wp-json\/wp\/v2\/posts"}],"about":[{"href":"https:\/\/www.studiogera.de\/001\/wp-json\/wp\/v2\/types\/post"}],"author":[{"embeddable":true,"href":"https:\/\/www.studiogera.de\/001\/wp-json\/wp\/v2\/users\/2"}],"replies":[{"embeddable":true,"href":"https:\/\/www.studiogera.de\/001\/wp-json\/wp\/v2\/comments?post=40164"}],"version-history":[{"count":2,"href":"https:\/\/www.studiogera.de\/001\/wp-json\/wp\/v2\/posts\/40164\/revisions"}],"predecessor-version":[{"id":40167,"href":"https:\/\/www.studiogera.de\/001\/wp-json\/wp\/v2\/posts\/40164\/revisions\/40167"}],"wp:featuredmedia":[{"embeddable":true,"href":"https:\/\/www.studiogera.de\/001\/wp-json\/wp\/v2\/media\/40166"}],"wp:attachment":[{"href":"https:\/\/www.studiogera.de\/001\/wp-json\/wp\/v2\/media?parent=40164"}],"wp:term":[{"taxonomy":"category","embeddable":true,"href":"https:\/\/www.studiogera.de\/001\/wp-json\/wp\/v2\/categories?post=40164"},{"taxonomy":"post_tag","embeddable":true,"href":"https:\/\/www.studiogera.de\/001\/wp-json\/wp\/v2\/tags?post=40164"}],"curies":[{"name":"wp","href":"https:\/\/api.w.org\/{rel}","templated":true}]}}