{"id":40168,"date":"2025-11-22T00:10:00","date_gmt":"2025-11-21T23:10:00","guid":{"rendered":"https:\/\/www.studiogera.de\/001\/?p=40168"},"modified":"2025-11-21T23:44:06","modified_gmt":"2025-11-21T22:44:06","slug":"veranstaltungen-am-samstag-121","status":"publish","type":"post","link":"https:\/\/www.studiogera.de\/001\/2025\/11\/22\/veranstaltungen-am-samstag-121\/","title":{"rendered":"VERANSTALTUNGEN AM SAMSTAG"},"content":{"rendered":"\n<p>Die Stadtbibliothek l\u00e4dt Kinder am Vormittag zum Bauen mit Legosteinen und zur Vorlesestunde ein.<\/p>\n\n\n\n<p>In der Zeit von 11 Uhr bis 14 Uhr veranstaltet die SRH-Hochschule Neue Stra\u00dfe 3 einen Informationstag.<\/p>\n\n\n\n<p>Um 11 Uhr beginnt ein einst\u00fcndiger \u00f6ffentlicher Rundgang durch die Altstadt. Treffpunkt ist die Gera-Information.<\/p>\n\n\n\n<p>Der S\u00fcdfriedhof im Stadtteil Debschwitz z\u00e4hlt zu den drei historischen Gro\u00dffriedh\u00f6fen der Stadt Gera und hat durch fehlende Erweiterungen und ausbleibende Kriegssch\u00e4den seinen Grundriss bis heute erhalten. Die um 11.30 Uhr beginnende F\u00fchrung dauert anderthalb Stunden. Treffpunkt ist das Haupttor.<\/p>\n\n\n\n<p>Die Samstagsf\u00fchrung durch die Sonderausstellung \u201eTextilmuster. Von Gera in die Welt\u201c im Museum f\u00fcr Angewandte Kunst beginnt um 14 Uhr. Pr\u00e4sentiert werden unter anderem Stoffmuster der Firmen F\u00fcrbringer, Morand &amp; Co., Schulenburg &amp; Bessler, der Firma Hirsch, des VEB Modedruck, der MD Gera GmbH sowie der Getzner Textil AG.<\/p>\n\n\n\n<p>Die einst\u00fcndige F\u00fchrung durch den Ostfriedhof beginnt um 14 Uhr am Haupttor.<\/p>\n\n\n\n<p>In der Werner-Petzold-Stra\u00dfe 10 kann von 14 Uhr bis 18 Uhr der Kinderflohmarkt der Kindervereinigung besucht werden. Spielzeug, B\u00fccher und kleine Sch\u00e4tze warten auf neue Besitzer.<\/p>\n\n\n\n<p>Zum Spieletreff in die Eisenbahnstra\u00dfe 5 sind Interessierte von 18 Uhr bis 22 Uhr eingeladen.<\/p>\n\n\n\n<p>Um 19 Uhr findet im Botanischen Garten eine \u00f6ffentliche Lesung mit Buchvorstellung und Verkauf statt. Nach rund 15 Jahren intensiver Gel\u00e4ndearbeit und umfassender Literaturrecherche wurden die in diesem Zeitraum erhobenen Daten aus einem etwa 300 Quadratkilometer gro\u00dfen Gebiet um die Stadt Weida in Buchform von Rico Kaufmann ver\u00f6ffentlicht. Das Werk ist unter dem Titel&nbsp;\u201eHaussknechtia Beiheft 24\u201c&nbsp;in der Ver\u00f6ffentlichungsreihe der Th\u00fcringischen Botanischen Gesellschaft e. V. erschienen.<\/p>\n\n\n\n<p>Eva-Maria Fastenau und Michael Seeboth f\u00fchren von 20 Uhr bis 22.15 Uhr im Rathauskeller ihr Kabarettst\u00fcck \u201eEine Frau, die schweigt, unterbricht Mann nicht\u201c auf.<\/p>\n\n\n\n<p>Im Veranstaltungshaus \u201eComma\u201c tritt von 20 Uhr bis 22 Uhr die Musikgruppe \u201eNorthern Lite\u201c auf. Der Einlass beginnt um 19 Uhr.<\/p>\n\n\n\n<p>Das Ensemble \u201eGregorian\u201c ist von 20 Uhr bis 22.30 Uhr im Kultur- und Kongresszentrum zu erleben.<\/p>\n\n\n\n<p>Bei freiem Eintritt kann ab 21 Uhr im \u201eHugo\u201c zu Rave, Dance, Trance, den 1990ern und 200ern getanzt werden. Am Plattenteller steht DJ Christian Dorn.<\/p>\n\n\n\n<p>Ab 22 Uhr wird in der Diskothek im Gasthaus Heinrichsbr\u00fccke Tekk, Core und Hardstyle aufgelegt.<\/p>\n","protected":false},"excerpt":{"rendered":"<div class=\"mh-excerpt\"><p>Die Stadtbibliothek l\u00e4dt Kinder am Vormittag zum Bauen mit Legosteinen und zur Vorlesestunde ein. In der Zeit von 11 Uhr bis 14 Uhr veranstaltet die SRH-Hochschule Neue Stra\u00dfe 3 einen Informationstag. Um 11 Uhr beginnt <a class=\"mh-excerpt-more\" href=\"https:\/\/www.studiogera.de\/001\/2025\/11\/22\/veranstaltungen-am-samstag-121\/\" title=\"VERANSTALTUNGEN AM SAMSTAG\">[&#8230;]<\/a><\/p>\n<\/div>","protected":false},"author":2,"featured_media":40169,"comment_status":"open","ping_status":"open","sticky":false,"template":"","format":"standard","meta":{"footnotes":""},"categories":[16],"tags":[],"class_list":{"0":"post-40168","1":"post","2":"type-post","3":"status-publish","4":"format-standard","5":"has-post-thumbnail","7":"category-kurzmitteilungen"},"_links":{"self":[{"href":"https:\/\/www.studiogera.de\/001\/wp-json\/wp\/v2\/posts\/40168","targetHints":{"allow":["GET"]}}],"collection":[{"href":"https:\/\/www.studiogera.de\/001\/wp-json\/wp\/v2\/posts"}],"about":[{"href":"https:\/\/www.studiogera.de\/001\/wp-json\/wp\/v2\/types\/post"}],"author":[{"embeddable":true,"href":"https:\/\/www.studiogera.de\/001\/wp-json\/wp\/v2\/users\/2"}],"replies":[{"embeddable":true,"href":"https:\/\/www.studiogera.de\/001\/wp-json\/wp\/v2\/comments?post=40168"}],"version-history":[{"count":3,"href":"https:\/\/www.studiogera.de\/001\/wp-json\/wp\/v2\/posts\/40168\/revisions"}],"predecessor-version":[{"id":40174,"href":"https:\/\/www.studiogera.de\/001\/wp-json\/wp\/v2\/posts\/40168\/revisions\/40174"}],"wp:featuredmedia":[{"embeddable":true,"href":"https:\/\/www.studiogera.de\/001\/wp-json\/wp\/v2\/media\/40169"}],"wp:attachment":[{"href":"https:\/\/www.studiogera.de\/001\/wp-json\/wp\/v2\/media?parent=40168"}],"wp:term":[{"taxonomy":"category","embeddable":true,"href":"https:\/\/www.studiogera.de\/001\/wp-json\/wp\/v2\/categories?post=40168"},{"taxonomy":"post_tag","embeddable":true,"href":"https:\/\/www.studiogera.de\/001\/wp-json\/wp\/v2\/tags?post=40168"}],"curies":[{"name":"wp","href":"https:\/\/api.w.org\/{rel}","templated":true}]}}