{"id":4017,"date":"2018-06-05T22:57:28","date_gmt":"2018-06-05T20:57:28","guid":{"rendered":"http:\/\/www.studiogera.de\/001\/?p=4017"},"modified":"2018-06-05T23:17:08","modified_gmt":"2018-06-05T21:17:08","slug":"meldungen-der-stadtverwaltung-15","status":"publish","type":"post","link":"https:\/\/www.studiogera.de\/001\/2018\/06\/05\/meldungen-der-stadtverwaltung-15\/","title":{"rendered":"MELDUNGEN DER STADTVERWALTUNG"},"content":{"rendered":"<p><strong>VORTRAG \u00dcBER FOSSILIEN<\/strong><\/p>\n<p>Ein Vortrag zu 30 spektakul\u00e4ren Fossilfunden verschiedener Erdzeitalter aus Gera und Umgebung findet am 14. Juni, 18 Uhr, im Museum f\u00fcr Naturkunde Gera statt. Die Veranstaltung geh\u00f6rt in das Begleitprogramm der neuen Kabinettausstellung \u201eErfolgsgeschichten der Evolution\u201c. Im Bildvortrag werden dabei besonders gut erhaltene, sehr sch\u00f6ne, zum Teil seltene und vor allem aussagekr\u00e4ftige Fossilien von Tieren und Pflanzen pr\u00e4sentiert. Diese Funde stammen aus drei Jahrhunderten, denn in Gera wurden bereits seit 1840 systematisch Fossilien gesammelt. Viele Versteinerungen und Abdr\u00fccke urzeitlicher Lebewesen wurden in den Gesteinen des Zechsteins im Nordosten von Gera gefunden. Gezeigt werden deshalb Armf\u00fc\u00dfer, Fischknochen und Reste von Landpflanzen aus dieser Zeit. Aber auch noch \u00e4ltere Fossilien, wie ein pr\u00e4chtiger Stamm eines Schuppenbaums aus dem Karbon vom Geraer Zoitzberg oder ein Schwanzsegment eines Seeskorpions aus dem Silur von Ronneburg werden zu sehen sein. Au\u00dferdem spielen Knochen von eiszeitlichen Tieren von H\u00f6hlenhy\u00e4ne bis zum Wollhaarmammut aus der j\u00fcngsten erdgeschichtlichen Vergangenheit im Vortrag eine Rolle. Gern k\u00f6nnen interessierte Besucher eigene Fossilfunde zum Vortrag zwecks Bestimmung mitbringen.<\/p>\n<hr \/>\n<p><strong>ALLIANZ F\u00dcR INNENST\u00c4DTE<\/strong><\/p>\n<p>Die Allianz f\u00fcr Innenst\u00e4dte ist eine gemeinsame Initiative des Deutschen St\u00e4dte- und Gemeindebundes (DStGB) und dem Handelsverband Deutschland (HDE). Im Sinne einer nachhaltigen Handels- und Stadtentwicklung m\u00f6chte diese mit Ihnen im Kreis der H\u00e4ndler und der kommunalen Verantwortungstr\u00e4ger \u00fcber die Herausforderungen der Digitalisierung sowie der Nahversorgung l\u00f6sungsorientiert diskutieren.<\/p>\n<p>\u2022 Welche Auswirkungen hat der Online-Handel auf Innenst\u00e4dte und Ortskerne?<br \/>\n\u2022 Was k\u00f6nnen Handel und Kommunen zur St\u00e4rkung der Innenst\u00e4dte tun?<br \/>\n\u2022 Welche Rahmenbedingungen m\u00fcssen verbessert werden? Wie k\u00f6nnen wir dauerhaft eine<br \/>\nNahversorgung der B\u00fcrger, insbesondere auch im l\u00e4ndlichen Raum, sicherstellen?<br \/>\n\u2022 Wie lassen sich diesbez\u00fcgliche Entscheidungs- und Planungsprozesse m\u00f6glichst effizient gestalten?<\/p>\n<p>Die Fachtagung \u201eStadt und Handel \u2013 Allianz f\u00fcr Innenst\u00e4dte\u201c findet am Dienstag, den 19. Juni 2018, im Rathaus der Stadt Gera statt.<\/p>\n<p>Die Allianz richtet sich an B\u00fcrgermeister, Stadtplaner, Wirtschaftsf\u00f6rderer, Expansionsmanager, H\u00e4ndler, Handelsunternehmen, Vertreter der Landes- und Kommunalpolitik, den Lebensmitteleinzelhandel und weitere Akteure der Nahversorgung.<br \/>\nDie Teilnahme an der Veranstaltung ist dank der Unterst\u00fctzung durch engagierte Sponsoren kostenfrei.<br \/>\nVeranstaltungsort ist das Rathaus der Stadt Gera, Kornmarkt 12, 07545 Gera.<br \/>\nBitte melden Sie sich unter Angabe Ihrer Daten unter folgendem Link an: www.lyyti.in\/Stadt_und_Handel__Allianz_fur_Innenstadte_in_Gera_8631<\/p>\n<p>10.00 \u2013 10.20 Begr\u00fc\u00dfung<br \/>\nDr. Viola Hahn, Oberb\u00fcrgermeister der Stadt Gera<br \/>\nArnold Senft, Pr\u00e4sident, Handelsverband Mitteldeutschland e. V., Handelsverband Th\u00fcringen e. V.<\/p>\n<p>10.20 \u2013 10.30 Begr\u00fc\u00dfung<br \/>\nBernd D\u00fcsterdiek, Deutscher St\u00e4dte- und Gemeindebund<\/p>\n<p>10.30 \u2013 11.00 Die Handelsentwicklung in Deutschland \u2013 Stand und Ausblick<br \/>\nMichael Reink, Handelsverband Deutschland (HDE)<\/p>\n<p>11.00 \u2013 11.30 Kaffeepause<\/p>\n<p>11.30 \u2013 12.00 Geras Neue Mitte \u2013 eine Chance f\u00fcr neue Herangehensweisen der Stadtentwicklung<br \/>\nClaudia Baumgartner, Baudezernent der Stadt Gera<\/p>\n<p>12.00 \u2013 12.30 Stand und Perspektiven der Einzelhandelsversorgung aus Sicht der Landesplanung<br \/>\nMarcel Ke\u00dfler, Referent, Th\u00fcringer Ministerium f\u00fcr Infrastruktur und Landwirtschaft,<br \/>\nReferat 33 | Raumordnung und Landesplanung<\/p>\n<p>12.30 \u2013 13.00 Diskussion<\/p>\n<p>13.00 \u2013 13.45 Mittagspause<\/p>\n<p>13.45 \u2013 14.15 Mit Google Local Inventory Ads den lokalen Handel st\u00e4rken<br \/>\nMelanie Ditschke, Google Industry Manager Retail<\/p>\n<p>14.15 \u2013 14.30 Nahversorgung im l\u00e4ndlichen Raum \u2013 Herausforderungen und L\u00f6sungsans\u00e4tze der REWE Ost<br \/>\nMike Michel, REWE GROUP, Leiter Expansion VS Region Ost<\/p>\n<p>14.30 \u2013 15.00 Kaffeepause<\/p>\n<p>15.00 \u2013 15.30 Die Digitalisierung des Handels \u2013 Online-Marktpl\u00e4tze als Chance<br \/>\nDr. Nikolaus Lindner, Director Government Relations, eBay<\/p>\n<p>15.30 \u2013 16.00 Abschlussdiskussion<\/p>\n<hr \/>\n<p><strong>TELEFON-SEELSORGE<\/strong><\/p>\n<p>Gegr\u00fcndet wurde die Telefon-Seelsorge vor \u00fcber sechzig Jahren in Deutschland als \u201eLebensm\u00fcdenf\u00fcrsorge\u201c. Menschen mit Suizidabsichten sollten die M\u00f6glichkeit haben anonym Rat und Hilfe zu bekommen.<br \/>\nAuch heute noch ist das Thema Suizid ein wichtiges Gespr\u00e4chsfeld im Kontakt mit Anrufenden. Weitere Themen, der Seelsorgegespr\u00e4che sind Konflikte in der Familie und dem privaten Umfeld, k\u00f6rperliche und seelische Erkrankungen und Einsamkeit.<br \/>\nDer Satz vieler Anrufender \u201eH\u00f6ren sie mich?\u201c, entspringt selten einer wirklichen Unsicherheit \u00fcber die Qualit\u00e4t der Verbindung. Vielmehr dr\u00fcckt er das tiefe Bed\u00fcrfnis wirklich \u201egeh\u00f6rt\u201c, wahrgenommen, angeh\u00f6rt, ernstgenommen zu werden aus. \u201eSind sie gerade wirklich ganz f\u00fcr mich da?\u201c k\u00f6nnte die Frage vielleicht treffend formuliert werden. Dann kann im Schutz der Anonymit\u00e4t manchmal eine gro\u00dfe N\u00e4he entstehen, die Raum gibt zu sagen was sonst unsagbar scheint, zu teilen, was allein auf den eigenen Schultern ruhend gerade zu schwer wird und gemeinsam neue Perspektiven zu entwickeln.<br \/>\nSo erreichte vor einigen Jahren eine Mitarbeiterin der Anruf eines Mannes, der angab auf einer Autobahnr\u00fccke zu stehen. Das Dr\u00f6hnen der Autos war deutlich zu h\u00f6ren. Er habe die Absicht sich in den Tod zu st\u00fcrzen, sagte er. Sein Weg in diesen Moment war der von Scheitern, Einsamkeit, Not, Hilflosigkeit und der \u00dcberzeugung f\u00fcr niemanden mehr einen Wert zu haben. Die Seelsorgerin h\u00f6rte zu &#8211; \u201eH\u00f6ren sie mich?\u201c \u2013 dr\u00fcckte echte Anteilnahme an seinem Leben aus, vermittelte Wertsch\u00e4tzung und Interesse. Als der Mann auflegte stand er nichtmehr auf der Br\u00fccke. Das Dr\u00f6hnen der Autos war leiser geworden. Er war weiter gegangen, innerlich und \u00e4u\u00dferlich.<br \/>\nOft steht hinter dem Gedanken nichtmehr leben zu wollen das Bed\u00fcrfnis nichtmehr so zu leben. Ein Mensch am Telefon, der Geh\u00f6r schenkt kann einen wesentlichen Beitrag zur Ver\u00e4nderung eines negativen so leisten, uns so viel bewirken.<br \/>\nDie Gespr\u00e4che, denen sich die Mitarbeiterinnen und Mitarbeiter der Telefon-Seelsorge stellen sind selten leichte Gespr\u00e4che, aber es lohnt diese M\u00fche auf sich zu nehmen, da aus den Worten am Telefon reale neue Wege der Anrufenden aus Ihrer Misere werden k\u00f6nnen.<br \/>\nIm September 2018 beginnt in Jena erneut eine einj\u00e4hrige Ausbildung f\u00fcr angehende Telefon-Seelsorger. Wenden Sie sich gerne an uns, wenn Sie Interesse daran haben, \u00fcber telefonseelsorge@diako-thueringen.de. F\u00fcr Seelsorge- und Beratungsgespr\u00e4che erreichen Sie uns unter den Nummern 0800 1110111 und 08001110222.<\/p>\n<hr \/>\n<p><strong>XI. TH\u00dcRINGER SCH\u00dcLERFREIWILLIGENTAG<\/strong><\/p>\n<p>Der 11. Th\u00fcringer Sch\u00fclerfreiwilligentag findet in Gera am Donnerstag, 7. Juni, statt. Auch die Stadt Gera hat sich erneut an diesem Projekt der gemeinsamen Initiative der Th\u00fcringer Ehrenamtsstiftung und dem Netzwerk der Freiwilligenagenturen und B\u00fcrgerstiftungen, zu der auch die Ehrenamtszentrale z\u00e4hlt, beteiligt. Die Dezernentin f\u00fcr Soziales, Sandra Wanzar er\u00f6ffnet in der Kindertagesst\u00e4tte BIP \u201eKreativhaus\u201c Gera den 11. Th\u00fcringer Sch\u00fclerfreiwilligentag. \u201eWie bereits in den vergangenen Jahren k\u00f6nnen wir wieder viele junge Menschen dazu bewegen, sich ehrenamtlich in verschiedensten Einrichtungen zu engagieren. Auch ist es uns gelungen, eine weitere Schule f\u00fcr den Th\u00fcringer Sch\u00fclerfreiwilligentag zu interessieren.\u201c<br \/>\nEingesetzt sind die Sch\u00fcler aus dem Rutheneum, dem Karl-Theodor-Liebe-Gymnasium, der Regelschule 1 \u2013 Otto Dix, der Regelschule 2 \u2013 Debschwitzer Schule, der Regelschule 10 \u2013 Ostschule (Europaschule), der SBBS Gesundheit, Soziales und Sozialp\u00e4dagogik, dem Staatliches Regionales F\u00f6rderzentrum \u201eAm Brahmetal\u201c, der Freien Gemeinschaftsschule der Grundig Akademie Gera und der Entdecker \u2013 Gemeinschaftsschule der Gemeinn\u00fctzigen Gesellschaft T\u00dcV Rheinland Bildungswerk mbH in 49 verschiedenen sozialen, kirchlichen, umweltorientierten und anderen Institutionen sowie in Fachdiensten der Stadt Gera.<br \/>\nDazu geh\u00f6rten Senioren- und Pflegeheime, der Th\u00fcringer Waldzoo, der Fachdienst Brand- und Katastrophenschutz, die Kindertagesst\u00e4tte der BIP \u201eKreativhaus\u201c Gera, die Kindertagesst\u00e4tte \u201eAm Schreberweg\u201c, die Kita \u201eL\u00f6wenzahn\u201c, der Volkssolidarit\u00e4t Kreisverband Gera e. V., die Arbeiterwohlfahrt, die DO Diakonie Ostth\u00fcringen gem. GmbH, die AWO AJS gGmbH, die Hospizbewegung Gera e. V., der Verein Musik f\u00fcr Gera e. V. &#8222;Fete de la Musique&#8220;, der Caritas-Verband f\u00fcr Ostth\u00fcringen e. V., der Demokratische Frauenbund Landesverband Th\u00fcringen e. V., die Th\u00fcringer Arbeitsloseninitiative \u2013 Soziale Arbeit e. V. Regionalvertretung Ostth\u00fcringer Blinden- und Sehbehindertenverband Th\u00fcringen e. V. Kreisorganisation Gera, der Verein zur Erhaltung der Geraer H\u00f6hler e. V., der Deutsche Kinderschutzbund Stadtverband Gera e.V., das SRH Wald-Klinikum Gera GmbH, die Lebenshilfe Werkst\u00e4tten Gera gGmbH, das Schatz-Haus Gera, das Caritas \u201eHaus Emmaus\u201c, das B\u00fcrgerforum Leben-Umwelt e. V., die Stadt- und Regionalbibliothek und viele andere.<br \/>\nDie Einsatzstellen k\u00f6nnen sich sicher auch in diesem Jahr \u00fcber sehr aktive und engagierte Sch\u00fcler freuen. Der Th\u00fcringer Sch\u00fclerfreiwilligentag, der von der Th\u00fcringer Ehrenamtsstiftung mit einer einmaligen finanziellen Zuwendung unterst\u00fctzt wird, soll junge Menschen systematisch und koordiniert an Angebote und M\u00f6glichkeiten ehrenamtlicher T\u00e4tigkeiten heranf\u00fchren, sie daf\u00fcr gewinnen, anleiten und unterst\u00fctzen.<\/p>\n<hr \/>\n<p><strong>TIERHEIMFEST AM 17. JUNI 2018<\/strong><\/p>\n<p>Zum allj\u00e4hrlichen Tierheimfest l\u00e4dt der F\u00f6rderverein Tierheim Gera e. V. alle Tierfreunde in und um Gera am Sonntag, 17. Juni, 13 Uhr bis 17 Uhr, ins Tierheim der Stadt Gera ein. Der F\u00f6rderverein Tierheim Gera e. V. und seine flei\u00dfigen Helfer haben f\u00fcr alle Besucher eine gut gef\u00fcllte Gulaschkanone und Getr\u00e4nke bereit stehen. Es werden durch die Tierheimmitarbeiter Hunde vorgestellt, die dringend ein neues Zuhause suchen. Ein buntes Rahmenprogramm erwartet alle Tierfreunde mit DJ Mark M. und dem deutschen Musiker und Comedian Vicki Vomit. Die Anfahrt zum Tierheim Gera kann mit dem Pkw \u00fcber Gera-Untermhaus nach Milbitz, oder \u00fcber den Franzosenweg am \u201eM\u00f6bel-Rieger\u201c bis zur Eisenbahnunterf\u00fchrung erfolgen. Per Stra\u00dfenbahn ist die Ausstiegsstelle die Haltestelle Duale Hochschule (vorher Berufsakademie), dann weiter zu Fu\u00df am \u201eM\u00f6bel-Rieger\u201c am Bach \u201eBrahme\u201c entlang, per Bus ab Untermhaus mit der Linie 20 in Richtung Gera-Milbitz. Die Tierheimbewohner freuen sich auf viele kleine und gro\u00dfe G\u00e4ste an diesem Tag. Ihren Vierbeiner k\u00f6nnen die G\u00e4ste nat\u00fcrlich gern mitbringen.<\/p>\n<hr \/>\n<p><strong>TAGESFAHRT<\/strong><\/p>\n<p>Die Gera Information unternimmt am Sonntag, den 24. Juni, eine Fahrt zum \u201eSilberrausch\u201c in die Silberstadt Freiberg, die dieses Jahr an den ersten Silberfund 1168 und die Ersterw\u00e4hnung des Ortsnamens Freiberg 1218 erinnert.<br \/>\nDie G\u00e4ste besuchen das bekannteste Bauwerk der Stadt, den Dom \u201eSt. Marien\u201c,  eine sp\u00e4tgotische Hallenkirche, die nach dem Stadtbrand 1484 gebaut wurde. Die Kirche fasziniert durch ihre klare Grundform und ihr harmonisches Gesamtbild und durch den eindrucksvollen Klangraum des Doms durch die beiden Silbermannorgeln (1711-1714), die Sie auch h\u00f6ren werden.  Sowohl die Zeugnisse der romanischen Vorg\u00e4ngerkirche als auch der neugebaute Dom widerspiegeln den damaligen Reichtum der Silberbergbaustadt Freiberg.<br \/>\nAnschlie\u00dfend ist Zeit f\u00fcr den Besuch des gro\u00dfen  Bergstadtfestes mit der traditionellen Bergparade. Es wird historische Marktst\u00e4nde mit Handwerkern, Kr\u00e4mern, Gauklern sowie Spielleuten geben, die in das mittelalterliche Leben entf\u00fchren. Ein Wein- und Bierdorf sorgen f\u00fcr das leibliche Wohl. Zahlreiche B\u00fchnen\u00a0bieten Platz f\u00fcr ein buntes Programm f\u00fcr Freunde des Schlagers der Volksmusik und Dixieland. Kinder k\u00f6nnen sich beim Bungee-Trampolin, im Kinder-Hochseilgarten, im Streichelzoo sowie beim Bogenschie\u00dfen in der Kinder- und Familienwelt austoben.<br \/>\nDie Gera Information l\u00e4dt Sie am 24. Juni zu dieser Fahrt ein. Sie beginnt um 9 Uhr in der Heinrichstra\u00dfe und endet gegen 18 Uhr an gleicher Stelle.<br \/>\nInteressenten k\u00f6nnen Teilnahmekarten f\u00fcr die Tour zu den Gesch\u00e4ftszeiten in der Gera-Information am Markt 1A bekommen.<\/p>\n<hr \/>\n<p><strong>SPENDE F\u00dcR DEN GOLDENEN SPATZEN<\/strong><\/p>\n<p>Am 31. Mai 2018 \u00fcbergab der Gesch\u00e4ftsinhaber des \u00d6sterreich am Markt. Herr Ingo Nicklaus, im Beisein des Goldenen Spatzen eine<br \/>\nSpende in H\u00f6he von 200 \u20ac an den Freundeskreis Goldener Spatz e. V., die Peter Beyer im Auftrag des Vorstandes gern entgegen nahm. <\/p>\n<hr \/>\n<p><strong>THEMA KORIANDER<\/strong><\/p>\n<p>Die Gr\u00fcne Schule am Abend l\u00e4dt am Dienstag, 12. Juni, 17 Uhr, zum n\u00e4chsten Workshop in den Botanischen Garten Gera ein. Der Abend widmet sich dem wenig bekannten K\u00fcchenkraut Koriander. Die Teilnehmer erfahren einiges \u00fcber die verdauungsf\u00f6rdernde Pflanze und werden kleine kulinarische K\u00f6stlichkeiten zubereiten und verkosten. Koriander z\u00e4hlt zu den \u00e4ltesten K\u00fcchenkr\u00e4utern der Welt und sogar der griechische Arzt Hippokrates lobte seine positive Wirkung auf den Magen-Darm-Bereich. Es wird um telefonische Voranmeldung unter 0365 \/ 712 79 17 oder per E-Mail (sm.franke@gesundheitsteam-gera.de) gebeten. Ein Unkostenbeitrag wird erhoben.<\/p>\n<hr \/>\n<p><strong>LESEGARTEN AM PUSCHKINPLATZ<\/strong><\/p>\n<p>Die Stadt Gera beabsichtigt \u00fcber das IBA-Projekt am Standort Geras Neue Mitte vom 4. Juni bis zum 15. Juni einen Lesegarten an der Platane am Puschkinplatz einzurichten. Diese Bauma\u00dfnahme wird \u00fcber St\u00e4dtebauf\u00f6rderung des Freistaates Th\u00fcringen &#8211; Stadtumbau und kommunale Infrastrukturprojekte &#8211; zu 90 % gef\u00f6rdert. Insgesamt kostet die Leseecke zirka 12&#8217;000 Euro. Die Fl\u00e4che um die Platane wird f\u00fcr eine tempor\u00e4re Nutzung mit einen kleinen Weg zum Platon hergerichtet. Im Hangbereich an der S\u00fcd und Westseite werden einige Sitzm\u00f6glichkeiten geschaffen.<\/p>\n<hr \/>\n<p><strong>HOCHWASSERSCHUTZ<\/strong><\/p>\n<p>Die neu gebauten Hochwasserschutzanlagen\u00a0 an der Wei\u00dfen Elster, in Flie\u00dfrichtung links an der Tschaikowskistra\u00dfe, in der Bachstra\u00dfe und am Faulenzerweg sind fertig und funktionst\u00fcchtig. Sie wurden im Rahmen einer Abnahme der Th\u00fcringer Landesanstalt f\u00fcr Umwelt und Geologie, der Stadt Gera und weiterer Beteiligter freigegeben. F\u00fcr den gesamten Abschnitt der Wei\u00dfen Elster in Gera werden aus europ\u00e4ischen, Bundes und Landesmitteln ca. 35 Millionen Euro in den Hochwasserschutz investiert. Die Ma\u00dfnahme umfasst den Bau von \u00fcber 600 Metern Mauer, und insgesamt fast 1000 Meter sonstige Hochwasserschutzanlagen. Restleistungen und M\u00e4ngel sollen bis zum 30. Juni beseitigt werden. Dazu geh\u00f6ren u.a. die \u00dcbergabe von Baudokumentationen, Fertigstellungspflege und Entwicklungspflege im Gewerk Landschaftsbauarbeiten. Des Weiteren werden noch die Stra\u00dfeneinl\u00e4ufe gereinigt, das Granitpflaster im Stra\u00dfenstreifen soll an bestimmten Stellen nachgesplittet werden, die endg\u00fcltige Abnahme der Rasensaat am Faulenzerweg erfolgt im August. Die Stadt Gera dankt der TLUG f\u00fcr die erfolgreiche Umsetzung der komplexen Ma\u00dfnahme. Nun kann Heinrichsgr\u00fcn als einer der vom Hochwasser 2013 sehr schwer getroffenen Bereiche aufatmen.<\/p>\n<hr \/>\n<p><strong>WOCHE DER OFFENEN MUSIKSCHULE<\/strong><\/p>\n<p>In allen Schulen ist Pr\u00fcfungszeit. So auch in der Musikschule. Nicht jeder Musiksch\u00fcler nimmt eine Pr\u00fcfung in Angriff, denn das Ablegen derselben ist keine Pflicht. Daher planen Schulleitung und Kollegium viele Veranstaltungen, in denen die meist jungen K\u00fcnstler der Musikschule Auftrittserfahrung sammeln k\u00f6nnen. \u201eDer Applaus ist bekanntlich der Lohn des K\u00fcnstlers und wir sind \u00fcberzeugt, dass er auch die beste Motivation f\u00fcr eigene neue Ziele unserer Sch\u00fclerschaft ist\u201c, meint Schulleiterin Karin M\u00fcller.<br \/>\nDie Musikschule pr\u00e4sentiert vom 2. Juni bis 8.Juni allen Interessenten und Musikliebhabern Konzerte von Barock bis Rock. Einstieg, anl\u00e4sslich des Kindertages, ist am Samstag, 2. Juni, 16 Uhr, die Premiere des diesj\u00e4hrigen Kinderprojektes \u201eKinderlieder\u201c der Musikschule \u201eHeinrich Sch\u00fctz\u201c. Mit viel Spa\u00df pr\u00e4sentieren die Akteure, 14 Kinder im Alter von sieben bis dreizehn Jahren, die Klangm\u00f6glichkeiten ihrer Instrumente und laden, dem Jahreslauf folgend, zum Zuh\u00f6ren, Mitsingen und Mitgestalten ein. Am Montag, 4. Juni, 16 Uhr und 17 Uhr, l\u00e4dt die Musikschule Kinder von drei bis f\u00fcnf Jahren zu Schnupperstunden der Musikalischen Fr\u00fcherziehung ins Hauptgeb\u00e4ude, Biermannplatz 1, ein. Tanzinteressierte von 14 bis zehn Jahren k\u00f6nnen sich am 4. Juni, 17.15 Uhr in der Tonhalle\/Eingang Bielitzstra\u00dfe einen Eindruck vom Training verschaffen. Abends, 18 Uhr, hei\u00dft das Motto des Bereiches Rock\/Pop\/Jazz am Biermannplatz1: \u201cWir rocken den Musikschulhof\u201c. Am Dienstag, 5. Juni, laden ab 17.30 Uhr die Instrumentalmusiksch\u00fcler des Rutheneums und ihre Musikschullehrer zum Konzert ein.<br \/>\nDies ist f\u00fcr alle Konzertfreunde und auch Sch\u00fcler, die sich \u00fcber das Niveau der Spezialklassen f\u00fcr Musik informieren wollen ein wichtiger Termin. \u201eBunt gemixt\u201c ist das Konzert am Mittwoch, 6. Juni, 18 Uhr. Es erklingen Blockfl\u00f6ten, Gitarren Mandolinen, Klarinetten, Akkordeons und Keyboards. Kinder, die gern musizieren m\u00f6chten, aber nicht genau wissen, welches Instrument das richtige f\u00fcr sie ist, k\u00f6nnen nach H\u00f6ren dieses Konzertes sicher besser eine Entscheidung treffen. Am Donnerstag, 7. Juni, 18.30 Uhr, stellt die Fachgruppe Klavier eine gute Alternative zum sommerlichen Wetter: \u201cWir tauchen ab\u2026\u201c hei\u00dft ihr mit Spannung erwartetes Programm. Besondere Aufmerksamkeit bekommt am Freitag, 8. Juni, das Instrument des Jahres 2018: das Cello. 17 Uhr geben die Cello-Sch\u00fcler ihr Bestes f\u00fcr ihr Instrument und nach einer St\u00e4rkung beim Imbiss wartet Cornelius Herrmann mit seinem Konzert \u201eCello pur\u201c am Biermannplatz auf. Cornelius Herrmann ist ehemaliger Solocellist des Salzburger Orchesters. Die kleinen und gro\u00dfen Solisten und Ensembles der Musikschule \u201eHeinrich Sch\u00fctz\u201c freuen sich schon auf ihren Besuch.<\/p>\n","protected":false},"excerpt":{"rendered":"<div class=\"mh-excerpt\"><p>VORTRAG \u00dcBER FOSSILIEN Ein Vortrag zu 30 spektakul\u00e4ren Fossilfunden verschiedener Erdzeitalter aus Gera und Umgebung findet am 14. Juni, 18 Uhr, im Museum f\u00fcr Naturkunde Gera statt. Die Veranstaltung geh\u00f6rt in das Begleitprogramm der neuen <a class=\"mh-excerpt-more\" href=\"https:\/\/www.studiogera.de\/001\/2018\/06\/05\/meldungen-der-stadtverwaltung-15\/\" title=\"MELDUNGEN DER STADTVERWALTUNG\">[&#8230;]<\/a><\/p>\n<\/div>","protected":false},"author":2,"featured_media":1224,"comment_status":"open","ping_status":"open","sticky":false,"template":"","format":"standard","meta":{"footnotes":""},"categories":[16],"tags":[],"class_list":{"0":"post-4017","1":"post","2":"type-post","3":"status-publish","4":"format-standard","5":"has-post-thumbnail","7":"category-kurzmitteilungen"},"_links":{"self":[{"href":"https:\/\/www.studiogera.de\/001\/wp-json\/wp\/v2\/posts\/4017","targetHints":{"allow":["GET"]}}],"collection":[{"href":"https:\/\/www.studiogera.de\/001\/wp-json\/wp\/v2\/posts"}],"about":[{"href":"https:\/\/www.studiogera.de\/001\/wp-json\/wp\/v2\/types\/post"}],"author":[{"embeddable":true,"href":"https:\/\/www.studiogera.de\/001\/wp-json\/wp\/v2\/users\/2"}],"replies":[{"embeddable":true,"href":"https:\/\/www.studiogera.de\/001\/wp-json\/wp\/v2\/comments?post=4017"}],"version-history":[{"count":2,"href":"https:\/\/www.studiogera.de\/001\/wp-json\/wp\/v2\/posts\/4017\/revisions"}],"predecessor-version":[{"id":4019,"href":"https:\/\/www.studiogera.de\/001\/wp-json\/wp\/v2\/posts\/4017\/revisions\/4019"}],"wp:featuredmedia":[{"embeddable":true,"href":"https:\/\/www.studiogera.de\/001\/wp-json\/wp\/v2\/media\/1224"}],"wp:attachment":[{"href":"https:\/\/www.studiogera.de\/001\/wp-json\/wp\/v2\/media?parent=4017"}],"wp:term":[{"taxonomy":"category","embeddable":true,"href":"https:\/\/www.studiogera.de\/001\/wp-json\/wp\/v2\/categories?post=4017"},{"taxonomy":"post_tag","embeddable":true,"href":"https:\/\/www.studiogera.de\/001\/wp-json\/wp\/v2\/tags?post=4017"}],"curies":[{"name":"wp","href":"https:\/\/api.w.org\/{rel}","templated":true}]}}