{"id":40179,"date":"2025-11-23T00:10:00","date_gmt":"2025-11-22T23:10:00","guid":{"rendered":"https:\/\/www.studiogera.de\/001\/?p=40179"},"modified":"2025-11-22T22:36:47","modified_gmt":"2025-11-22T21:36:47","slug":"veranstaltungen-am-sonntag-110","status":"publish","type":"post","link":"https:\/\/www.studiogera.de\/001\/2025\/11\/23\/veranstaltungen-am-sonntag-110\/","title":{"rendered":"VERANSTALTUNGEN AM SONNTAG"},"content":{"rendered":"\n<p>Am Ewigkeitssonntag, den 23. November 2025, l\u00e4dt St. Johannis von 17 Uhr bis 18 Uhr zu einem Gottesdienst der besonderen Art ein. Das Vokalensemble Voces 1608 pr\u00e4sentiert unter der Leitung von Christian K. Frank die Musikalischen Exequien von Heinrich Sch\u00fctz \u2013 eines der bedeutendsten Werke fr\u00fchbarocker Trauermusik. Die historischen S\u00e4rge von \u201eHeinrich, Herr von Plauen, Herr zu Greitz, Cranichfeld, Gera, Schleitz und Lobenstein\u201c und seiner ersten Gemahlin \u201eMagdalene Reu\u00dfin von Plauen, geborene Gr\u00e4fin zu Schwartzburg und Hohenstein, Frauen zu Greitz, Cranichfeld, Gera, Schleitz und Lobenstein\u201c werden im Kirchenraum aufgestellt sein.<\/p>\n\n\n\n<p>Im Kultur- und Kongresszentrum pr\u00e4sentieren \u201eMax Raabe &amp; Palast Orchester\u201c von 18 Uhr bis 20.30 Uhr ihr neues Programm.<\/p>\n\n\n\n<p>Besucht werden k\u00f6nnen au\u00dferdem die st\u00e4dtischen Museen einschlie\u00dflich der dazugeh\u00f6rigen H\u00f6hler, der Botanische Garten sowie der Tierpark im Martinsgrund.<\/p>\n","protected":false},"excerpt":{"rendered":"<div class=\"mh-excerpt\"><p>Am Ewigkeitssonntag, den 23. November 2025, l\u00e4dt St. Johannis von 17 Uhr bis 18 Uhr zu einem Gottesdienst der besonderen Art ein. Das Vokalensemble Voces 1608 pr\u00e4sentiert unter der Leitung von Christian K. Frank die <a class=\"mh-excerpt-more\" href=\"https:\/\/www.studiogera.de\/001\/2025\/11\/23\/veranstaltungen-am-sonntag-110\/\" title=\"VERANSTALTUNGEN AM SONNTAG\">[&#8230;]<\/a><\/p>\n<\/div>","protected":false},"author":2,"featured_media":34731,"comment_status":"open","ping_status":"open","sticky":false,"template":"","format":"standard","meta":{"footnotes":""},"categories":[16],"tags":[],"class_list":{"0":"post-40179","1":"post","2":"type-post","3":"status-publish","4":"format-standard","5":"has-post-thumbnail","7":"category-kurzmitteilungen"},"_links":{"self":[{"href":"https:\/\/www.studiogera.de\/001\/wp-json\/wp\/v2\/posts\/40179","targetHints":{"allow":["GET"]}}],"collection":[{"href":"https:\/\/www.studiogera.de\/001\/wp-json\/wp\/v2\/posts"}],"about":[{"href":"https:\/\/www.studiogera.de\/001\/wp-json\/wp\/v2\/types\/post"}],"author":[{"embeddable":true,"href":"https:\/\/www.studiogera.de\/001\/wp-json\/wp\/v2\/users\/2"}],"replies":[{"embeddable":true,"href":"https:\/\/www.studiogera.de\/001\/wp-json\/wp\/v2\/comments?post=40179"}],"version-history":[{"count":2,"href":"https:\/\/www.studiogera.de\/001\/wp-json\/wp\/v2\/posts\/40179\/revisions"}],"predecessor-version":[{"id":40181,"href":"https:\/\/www.studiogera.de\/001\/wp-json\/wp\/v2\/posts\/40179\/revisions\/40181"}],"wp:featuredmedia":[{"embeddable":true,"href":"https:\/\/www.studiogera.de\/001\/wp-json\/wp\/v2\/media\/34731"}],"wp:attachment":[{"href":"https:\/\/www.studiogera.de\/001\/wp-json\/wp\/v2\/media?parent=40179"}],"wp:term":[{"taxonomy":"category","embeddable":true,"href":"https:\/\/www.studiogera.de\/001\/wp-json\/wp\/v2\/categories?post=40179"},{"taxonomy":"post_tag","embeddable":true,"href":"https:\/\/www.studiogera.de\/001\/wp-json\/wp\/v2\/tags?post=40179"}],"curies":[{"name":"wp","href":"https:\/\/api.w.org\/{rel}","templated":true}]}}