{"id":40237,"date":"2025-11-26T09:47:50","date_gmt":"2025-11-26T08:47:50","guid":{"rendered":"https:\/\/www.studiogera.de\/001\/?p=40237"},"modified":"2025-11-26T09:49:45","modified_gmt":"2025-11-26T08:49:45","slug":"massnahmen-zur-gewaehrleistung-der-sicherheit","status":"publish","type":"post","link":"https:\/\/www.studiogera.de\/001\/2025\/11\/26\/massnahmen-zur-gewaehrleistung-der-sicherheit\/","title":{"rendered":"MASSNAHMEN ZUR GEW\u00c4HRLEISTUNG DER SICHERHEIT"},"content":{"rendered":"\n<p>Vom 27. November bis zum 23. Dezember 2025 werden t\u00e4glich tausende Besucher auf dem Weihnachtsmarkt erwartet. Wie immer erstreckt er sich \u00fcber die gesamte Innenstadt. Das Marktgeschehen konzentriert sich dabei auf den Marktplatz und entlang der Kleinen Kirchstra\u00dfe, von der Johannisstra\u00dfe bis zur unteren Sorge sowie \u00fcber die Schlo\u00dfstra\u00dfe, die Bachgasse bis zum Museumsplatz. Es wird mit rund 250&#8217;000 G\u00e4sten gerechnet.<\/p>\n\n\n\n<p>Zur Gew\u00e4hrleistung der Sicherheit aller Besucher sind im Rahmen der Veranstaltung tempor\u00e4re Verkehrseinschr\u00e4nkungen erforderlich. Diese umfassen Stra\u00dfensperrungen mit Begrenzung f\u00fcr den Anlieger-, Anwohner- und Lieferverkehr in den Marktbereichen. Die Stadtverwaltung bitten alle Betroffenen um Verst\u00e4ndnis und Unterst\u00fctzung, um einen reibungslosen Ablauf des Marktes zu gew\u00e4hrleisten. Anwohner mit Parkgenehmigungen sowie Nutzer privater Stellfl\u00e4chen, die von den Sperrungen betroffen sind, werden bei dringendem Bedarf \u00fcber alternative Parkm\u00f6glichkeiten informiert.<\/p>\n\n\n\n<p>Die Sicherheitsma\u00dfnahmen sind notwendig, um einen sicheren Rahmen f\u00fcr den Weihnachtsmarkt zu schaffen.<\/p>\n\n\n\n<p><strong>Verkehrsregelungen im \u00dcberblick<\/strong><\/p>\n\n\n\n<p>Das Befahren des Marktgel\u00e4ndes ist w\u00e4hrend der Marktzeiten grunds\u00e4tzlich untersagt. Der Lieferverkehr ist au\u00dferhalb der \u00d6ffnungszeiten m\u00f6glich, und zwar von Sonntag bis Donnerstag in der Zeit bis 11 Uhr und ab 21 Uhr, ebenso Freitag bis Samstag in der Zeit bis 11 Uhr und ab 22 Uhr. Anlieferungen sind entsprechend zu planen. Die ans\u00e4ssigen Lieferdienste wurden bereits \u00fcber die eingeschr\u00e4nkten Zeiten informiert. Rettungskr\u00e4fte k\u00f6nnen das Marktgel\u00e4nde in Notfallsituationen dennoch jederzeit uneingeschr\u00e4nkt erreichen und befahren.<\/p>\n\n\n\n<p><strong>Gesperrte Stra\u00dfenz\u00fcge w\u00e4hrend der Marktzeiten des Weihnachtsmarktes<\/strong><\/p>\n\n\n\n<ul class=\"wp-block-list\">\n<li>Dr.-Eckener-Stra\u00dfe, Ecke Parkhaus Zentrum<\/li>\n\n\n\n<li>Museumsplatz beim Stadtmuseum<\/li>\n\n\n\n<li>J\u00fcdengasse beim Marktplatz<\/li>\n\n\n\n<li>Schuhgasse westlich der Rittergasse<\/li>\n\n\n\n<li>Schlo\u00dfstra\u00dfe\/s\u00fcdliche Ecke Rudolf-Diener-Stra\u00dfe<\/li>\n\n\n\n<li>Sorge\/westliche Ecke Humboldtstra\u00dfe<\/li>\n\n\n\n<li>Vogelinsel am Rutheneum<\/li>\n\n\n\n<li>Gro\u00dfe Kirchstra\u00dfe \u00f6stlich des Marktplatzes<\/li>\n\n\n\n<li>Johannisstra\u00dfe\/Burgstra\u00dfe<\/li>\n<\/ul>\n\n\n\n<p>Au\u00dferhalb der Marktzeiten sind die Durchfahrtswege f\u00fcr Anlieger- und Lieferverkehr uneingeschr\u00e4nkt ge\u00f6ffnet. Die Sperrzeiten gelten ebenfalls am 24. Dezember 2025 von 11 Uhr bis 17 Uhr anl\u00e4sslich des traditionellen Turmblasens vom Rathausturm.<\/p>\n\n\n\n<p>Alle Sperrungen sind so gestaltet, dass Fu\u00dfg\u00e4nger, Kinderwagen, Rollstuhlfahrer und Radfahrer diese problemlos passieren k\u00f6nnen. F\u00fcr eine bessere Orientierung ist eine \u00dcbersicht der Innenstadt mit den markierten Sperrbereichen beigef\u00fcgt.<\/p>\n\n\n\n<p>QUELLE: STADTVERWALTUNG<\/p>\n","protected":false},"excerpt":{"rendered":"<div class=\"mh-excerpt\"><p>Vom 27. November bis zum 23. Dezember 2025 werden t\u00e4glich tausende Besucher auf dem Weihnachtsmarkt erwartet. Wie immer erstreckt er sich \u00fcber die gesamte Innenstadt. Das Marktgeschehen konzentriert sich dabei auf den Marktplatz und entlang <a class=\"mh-excerpt-more\" href=\"https:\/\/www.studiogera.de\/001\/2025\/11\/26\/massnahmen-zur-gewaehrleistung-der-sicherheit\/\" title=\"MASSNAHMEN ZUR GEW\u00c4HRLEISTUNG DER SICHERHEIT\">[&#8230;]<\/a><\/p>\n<\/div>","protected":false},"author":2,"featured_media":40238,"comment_status":"open","ping_status":"open","sticky":false,"template":"","format":"standard","meta":{"footnotes":""},"categories":[3],"tags":[],"class_list":{"0":"post-40237","1":"post","2":"type-post","3":"status-publish","4":"format-standard","5":"has-post-thumbnail","7":"category-lokal"},"_links":{"self":[{"href":"https:\/\/www.studiogera.de\/001\/wp-json\/wp\/v2\/posts\/40237","targetHints":{"allow":["GET"]}}],"collection":[{"href":"https:\/\/www.studiogera.de\/001\/wp-json\/wp\/v2\/posts"}],"about":[{"href":"https:\/\/www.studiogera.de\/001\/wp-json\/wp\/v2\/types\/post"}],"author":[{"embeddable":true,"href":"https:\/\/www.studiogera.de\/001\/wp-json\/wp\/v2\/users\/2"}],"replies":[{"embeddable":true,"href":"https:\/\/www.studiogera.de\/001\/wp-json\/wp\/v2\/comments?post=40237"}],"version-history":[{"count":2,"href":"https:\/\/www.studiogera.de\/001\/wp-json\/wp\/v2\/posts\/40237\/revisions"}],"predecessor-version":[{"id":40241,"href":"https:\/\/www.studiogera.de\/001\/wp-json\/wp\/v2\/posts\/40237\/revisions\/40241"}],"wp:featuredmedia":[{"embeddable":true,"href":"https:\/\/www.studiogera.de\/001\/wp-json\/wp\/v2\/media\/40238"}],"wp:attachment":[{"href":"https:\/\/www.studiogera.de\/001\/wp-json\/wp\/v2\/media?parent=40237"}],"wp:term":[{"taxonomy":"category","embeddable":true,"href":"https:\/\/www.studiogera.de\/001\/wp-json\/wp\/v2\/categories?post=40237"},{"taxonomy":"post_tag","embeddable":true,"href":"https:\/\/www.studiogera.de\/001\/wp-json\/wp\/v2\/tags?post=40237"}],"curies":[{"name":"wp","href":"https:\/\/api.w.org\/{rel}","templated":true}]}}