{"id":40244,"date":"2025-11-26T12:40:25","date_gmt":"2025-11-26T11:40:25","guid":{"rendered":"https:\/\/www.studiogera.de\/001\/?p=40244"},"modified":"2025-11-26T12:40:27","modified_gmt":"2025-11-26T11:40:27","slug":"grossbrand-in-der-salzstrasse","status":"publish","type":"post","link":"https:\/\/www.studiogera.de\/001\/2025\/11\/26\/grossbrand-in-der-salzstrasse\/","title":{"rendered":"GROSSBRAND IN DER SALZSTRASSE"},"content":{"rendered":"\n<p>In der Nacht zu Mittwoch, den 26. November 2025, kam es nachts gegen 1 Uhr auf einem Wohngrundst\u00fcck in der Salzstra\u00dfe zu einem Brand, bei dem ein Carport, eine Garage mit Fahrzeug sowie angrenzende Nebengeb\u00e4ude erheblich besch\u00e4digt wurden. Der Sachschaden wird derzeit auf einen niedrigen sechsstelligen Betrag gesch\u00e4tzt. Zur Ursache des Feuers liegen noch keine gesicherten Erkenntnisse vor. Personen wurden gl\u00fccklicherweise nicht verletzt. Die Kriminalpolizei hat die Ermittlungen zur Brandursache aufgenommen.<\/p>\n","protected":false},"excerpt":{"rendered":"<div class=\"mh-excerpt\"><p>In der Nacht zu Mittwoch, den 26. November 2025, kam es nachts gegen 1 Uhr auf einem Wohngrundst\u00fcck in der Salzstra\u00dfe zu einem Brand, bei dem ein Carport, eine Garage mit Fahrzeug sowie angrenzende Nebengeb\u00e4ude <a class=\"mh-excerpt-more\" href=\"https:\/\/www.studiogera.de\/001\/2025\/11\/26\/grossbrand-in-der-salzstrasse\/\" title=\"GROSSBRAND IN DER SALZSTRASSE\">[&#8230;]<\/a><\/p>\n<\/div>","protected":false},"author":2,"featured_media":33266,"comment_status":"open","ping_status":"open","sticky":false,"template":"","format":"standard","meta":{"footnotes":""},"categories":[13],"tags":[],"class_list":{"0":"post-40244","1":"post","2":"type-post","3":"status-publish","4":"format-standard","5":"has-post-thumbnail","7":"category-polizeiberichte"},"_links":{"self":[{"href":"https:\/\/www.studiogera.de\/001\/wp-json\/wp\/v2\/posts\/40244","targetHints":{"allow":["GET"]}}],"collection":[{"href":"https:\/\/www.studiogera.de\/001\/wp-json\/wp\/v2\/posts"}],"about":[{"href":"https:\/\/www.studiogera.de\/001\/wp-json\/wp\/v2\/types\/post"}],"author":[{"embeddable":true,"href":"https:\/\/www.studiogera.de\/001\/wp-json\/wp\/v2\/users\/2"}],"replies":[{"embeddable":true,"href":"https:\/\/www.studiogera.de\/001\/wp-json\/wp\/v2\/comments?post=40244"}],"version-history":[{"count":1,"href":"https:\/\/www.studiogera.de\/001\/wp-json\/wp\/v2\/posts\/40244\/revisions"}],"predecessor-version":[{"id":40245,"href":"https:\/\/www.studiogera.de\/001\/wp-json\/wp\/v2\/posts\/40244\/revisions\/40245"}],"wp:featuredmedia":[{"embeddable":true,"href":"https:\/\/www.studiogera.de\/001\/wp-json\/wp\/v2\/media\/33266"}],"wp:attachment":[{"href":"https:\/\/www.studiogera.de\/001\/wp-json\/wp\/v2\/media?parent=40244"}],"wp:term":[{"taxonomy":"category","embeddable":true,"href":"https:\/\/www.studiogera.de\/001\/wp-json\/wp\/v2\/categories?post=40244"},{"taxonomy":"post_tag","embeddable":true,"href":"https:\/\/www.studiogera.de\/001\/wp-json\/wp\/v2\/tags?post=40244"}],"curies":[{"name":"wp","href":"https:\/\/api.w.org\/{rel}","templated":true}]}}