{"id":40248,"date":"2025-11-26T12:50:05","date_gmt":"2025-11-26T11:50:05","guid":{"rendered":"https:\/\/www.studiogera.de\/001\/?p=40248"},"modified":"2025-11-26T12:50:30","modified_gmt":"2025-11-26T11:50:30","slug":"festliches-weihnachtskonzert-in-gera-und-altenburg","status":"publish","type":"post","link":"https:\/\/www.studiogera.de\/001\/2025\/11\/26\/festliches-weihnachtskonzert-in-gera-und-altenburg\/","title":{"rendered":"FESTLICHES WEIHNACHTSKONZERT IN GERA UND ALTENBURG"},"content":{"rendered":"\n<p>Mit Charles Dickens\u2019 \u201eWeihnachtsgeschichte\u201c als rotem Faden l\u00e4dt das Theater Altenburg Gera in diesem Jahr zu einem besonders stimmungsvollen Weihnachtskonzert ein. Szenische Ausz\u00fcge aus der Geschichte um den geizigen Gesch\u00e4ftsmann Scrooge, der den Geist der Weihnacht entdeckt, verbinden bekannte Weihnachtsmelodien zu einem festlichen Gesamtklang.<\/p>\n\n\n\n<p>Unter der Leitung von Judith Bothe musizieren der Kinder- und Jugendchor, der Opernchor, der Philharmonische Chor sowie das Philharmonische Orchester Altenburg Gera.<\/p>\n\n\n\n<p>Zu h\u00f6ren sind traditionelle Weihnachtslieder, skandinavische Lucia-Ges\u00e4nge und instrumentale franz\u00f6sische No\u00ebls. H\u00f6hepunkt des Konzerts ist die \u201eWeihnachtskantate\u201c von Arthur Honegger \u2013 ein ergreifendes Werk f\u00fcr Orchester, Kinderchor, Bariton und Chor, das aus der Dunkelheit ins Licht f\u00fchrt und den Geist der Weihnacht musikalisch erfahrbar macht.<\/p>\n\n\n\n<p>Zum Abschluss erklingen das festliche \u201eCantique de No\u00ebl\u201c von Adolphe Adam und beliebte Lieder zum Mitsingen.<\/p>\n\n\n\n<p><strong>Termine<\/strong><\/p>\n\n\n\n<ul class=\"wp-block-list\">\n<li>Samstag, 13. Dezember 2025, 14.30 Uhr und 19.30 Uhr im Konzertsaal Gera<\/li>\n\n\n\n<li>Samstag, 20. Dezember 2025, 14.30 Uhr und 19.30 Uhr im Theaterzelt Altenburg<\/li>\n<\/ul>\n\n\n\n<p>Eintrittskarten sind an den Theaterkassen sowie \u00fcber die Webseite des Theaters erh\u00e4ltlich. Diese sind unter der Rufnummer 0365 8279105 bzw. 03447 585160 sowie \u00fcber \u201ehttps:\/\/theater-altenburg-gera.de\/\u201d erreichbar.<\/p>\n\n\n\n<p>QUELLE: THEATER ALTENBURG GERA GGMBH<\/p>\n","protected":false},"excerpt":{"rendered":"<div class=\"mh-excerpt\"><p>Mit Charles Dickens\u2019 \u201eWeihnachtsgeschichte\u201c als rotem Faden l\u00e4dt das Theater Altenburg Gera in diesem Jahr zu einem besonders stimmungsvollen Weihnachtskonzert ein. Szenische Ausz\u00fcge aus der Geschichte um den geizigen Gesch\u00e4ftsmann Scrooge, der den Geist der <a class=\"mh-excerpt-more\" href=\"https:\/\/www.studiogera.de\/001\/2025\/11\/26\/festliches-weihnachtskonzert-in-gera-und-altenburg\/\" title=\"FESTLICHES WEIHNACHTSKONZERT IN GERA UND ALTENBURG\">[&#8230;]<\/a><\/p>\n<\/div>","protected":false},"author":2,"featured_media":40249,"comment_status":"open","ping_status":"open","sticky":false,"template":"","format":"standard","meta":{"footnotes":""},"categories":[15],"tags":[],"class_list":{"0":"post-40248","1":"post","2":"type-post","3":"status-publish","4":"format-standard","5":"has-post-thumbnail","7":"category-theater"},"_links":{"self":[{"href":"https:\/\/www.studiogera.de\/001\/wp-json\/wp\/v2\/posts\/40248","targetHints":{"allow":["GET"]}}],"collection":[{"href":"https:\/\/www.studiogera.de\/001\/wp-json\/wp\/v2\/posts"}],"about":[{"href":"https:\/\/www.studiogera.de\/001\/wp-json\/wp\/v2\/types\/post"}],"author":[{"embeddable":true,"href":"https:\/\/www.studiogera.de\/001\/wp-json\/wp\/v2\/users\/2"}],"replies":[{"embeddable":true,"href":"https:\/\/www.studiogera.de\/001\/wp-json\/wp\/v2\/comments?post=40248"}],"version-history":[{"count":1,"href":"https:\/\/www.studiogera.de\/001\/wp-json\/wp\/v2\/posts\/40248\/revisions"}],"predecessor-version":[{"id":40250,"href":"https:\/\/www.studiogera.de\/001\/wp-json\/wp\/v2\/posts\/40248\/revisions\/40250"}],"wp:featuredmedia":[{"embeddable":true,"href":"https:\/\/www.studiogera.de\/001\/wp-json\/wp\/v2\/media\/40249"}],"wp:attachment":[{"href":"https:\/\/www.studiogera.de\/001\/wp-json\/wp\/v2\/media?parent=40248"}],"wp:term":[{"taxonomy":"category","embeddable":true,"href":"https:\/\/www.studiogera.de\/001\/wp-json\/wp\/v2\/categories?post=40248"},{"taxonomy":"post_tag","embeddable":true,"href":"https:\/\/www.studiogera.de\/001\/wp-json\/wp\/v2\/tags?post=40248"}],"curies":[{"name":"wp","href":"https:\/\/api.w.org\/{rel}","templated":true}]}}