{"id":40251,"date":"2025-11-26T15:19:01","date_gmt":"2025-11-26T14:19:01","guid":{"rendered":"https:\/\/www.studiogera.de\/001\/?p=40251"},"modified":"2025-11-26T15:20:10","modified_gmt":"2025-11-26T14:20:10","slug":"aktionen-und-informationen-zum-thema-haeusliche-gewalt","status":"publish","type":"post","link":"https:\/\/www.studiogera.de\/001\/2025\/11\/26\/aktionen-und-informationen-zum-thema-haeusliche-gewalt\/","title":{"rendered":"AKTIONEN UND INFORMATIONEN ZUM THEMA H\u00c4USLICHE GEWALT"},"content":{"rendered":"\n<p>Gera und 29 weitere Kommunen in Th\u00fcringen informierten zusammen mit der Landesgleichstellungsbeauftragten sowie den regionalen Netzen gegen h\u00e4usliche Gewalt anl\u00e4sslich des Internationalen Tages gegen Gewalt an Frauen am 25. November \u00fcber rund 200 Beratungsstellen in Th\u00fcringen und die mehr als 20 Anlaufstellen in Gera. Hierzu gab es \u00fcber 60 Aktionen und Informationen.<\/p>\n\n\n\n<p>In Gera fand zudem ein Fachgespr\u00e4ch zur vertraulichen Spurensicherung mit den Mitgliedern des Geraer Netzwerkes sowie den DGB-Gewerkschaftsfrauen und der Leiterin der Rechtsmedizin am Uniklinikum Jena, Prof. Dr. Gita Mall statt. Mit dabei auch Dr. Barbara Mihatsch, Gyn\u00e4kologin im SRH-Waldklinikum, und Tobias Fischer, Leiter Institut f\u00fcr Rechtsmedizin Gera-Zwickau. Prof. Mall schilderte die Hintergr\u00fcnde und Abl\u00e4ufe der Spurensicherung. Nutzen k\u00f6nnen diese Leistung alle, die bei Gewalterfahrungen zun\u00e4chst keine Anzeige erstatten, aber Spuren sichern lassen wollen, f\u00fcr den Fall, dass es zu einer Anzeige kommt und dann Spuren dokumentiert sind. Dies gilt auch, wenn jemand den Verdacht hat, K.O.-Tropfen bekommen zu haben. Auch \u00c4rzte k\u00f6nnen Gewaltopfer zur vertraulichen Spurensicherung \u00fcberweisen. Anonym bleibt das Verfahren, indem die Gewaltopfer lediglich nach ihrer Krankenkasse gefragt werden, ohne dabei jedoch Daten aufzunehmen. Die Leistung der Spurensicherung wird anonym abgerechnet.<\/p>\n\n\n\n<p>Erreichbar ist die Spurensicherung in Jena rund um die Uhr unter 03641 9397197. Die \u00c4rzte kommen bei Bedarf auch vor Ort nach Gera. Wichtig ist es, m\u00f6glichst innerhalb von 72 Stunden die Spuren zu sichern, da sich bestimmte Spuren sp\u00e4ter nicht mehr nachweisen lassen.<\/p>\n\n\n\n<p>Nach dem Fachgespr\u00e4ch wurden in der Innenstadt zu den Geraer Anlaufstellen bei h\u00e4uslicher Gewalt Brosch\u00fcren verteilt, die es jetzt auch in arabischer Sprache erh\u00e4ltlich.<\/p>\n\n\n\n<p>Seit inzwischen vier Jahren st\u00e4rkt Gera die th\u00fcringenweite Kooperation \u201ehandle jetzt\u201c. F\u00fcr Sandra Wanzar, Dezernentin f\u00fcr Soziales, Jugend und Kultur ist es wichtig, die Thematik mit der Kampagne und den verschiedenen Formaten in die Mitte der Gesellschaft zu r\u00fccken:<\/p>\n\n\n\n<blockquote class=\"wp-block-quote is-layout-flow wp-block-quote-is-layout-flow\">\n<p>\u201eWir wollen h\u00e4uslicher Gewalt entgegentreten und Betroffenen abgestimmt konkrete Hilfe anbieten.\u201c<\/p>\n<\/blockquote>\n\n\n\n<p>Geras Gleichstellungsbeauftragte Catrin Heinrich fasst den Kern der Kampagne zusammen:<\/p>\n\n\n\n<blockquote class=\"wp-block-quote is-layout-flow wp-block-quote-is-layout-flow\">\n<p>\u201eWir greifen dieses Jahr das Thema auf, keine Angst vor dem Schritt zur Beratungsstelle zu haben: \u201aUnd wenn ich jetzt \u2026 doch mal das mache, was ich mich bisher nicht traue?\u2018. Damit wollen wir Sicherheit und Mut geben, sich an Profis zu wenden. Sie beraten vertraulich, kostenfrei zur ganz individuellen Situation: Opfer, T\u00e4ter, Frau, Mann, jung, alt \u2026 es gibt Anlaufstellen f\u00fcr alle Personen.\u201c<\/p>\n<\/blockquote>\n\n\n\n<p>Auf diese weisen seit vielen Jahren auch die die Gewerkschaftsfrauen mit \u00f6ffentlichen Aktionen rund um den 25. November hin. \u201eWir halten es f\u00fcr wichtig, in den n\u00e4chsten Jahren Schutzeinrichtungen bedarfsgerecht auszubauen und daf\u00fcr bereitgestellte Mittel auch auszugeben\u201c, so Monika Sossna, Gewerkschaftssekret\u00e4rin.<\/p>\n\n\n\n<p>Neues gibt es auch aus dem Geraer Frauenhaus: Von Gewalt betroffene Frauen zahlen k\u00fcnftig f\u00fcr den Aufenthalt im Frauenhaus keine Miet- und Energiekosten mehr. Das Frauenhaus Gera verf\u00fcgt derzeit \u00fcber sechs Wohneinheiten, die jeweils mit K\u00fcchenzeile, Bad\/WC ausgestattet sind. Eine neue ambulante Beratung f\u00fcr Frauen in F\u00e4llen h\u00e4uslicher Gewalt gibt es am Markt 7 im \u201eLiberare e. V.\u201c jeweils dienstags von 14 Uhr bis 16 Uhr, mittwochs von 9.30 Uhr bis 12 Uhr, und donnerstags von 14 Uhr bis 17 Uhr. Termine k\u00f6nnen vereinbart werden unter der Rufnummer 0365 21112 oder \u00fcber \u201eberatung@liberale-gera.de\u201c.<\/p>\n\n\n\n<p>Frauen erhalten dort Informationen zu Schutzm\u00f6glichkeiten, Handlungsschritten, sie k\u00f6nnen mit den Beraterinnen auf eine gewaltfreie Lebensperspektive blicken und erhalten Unterst\u00fctzung f\u00fcr ihre Entscheidungen.<\/p>\n\n\n\n<p>Mehr Informationen unter \u201ewww.handle-jetzt.de\u201c mit ganzj\u00e4hrig rund 200 kommunalen und \u00fcberregionalen Beratungs- und Hilfsangeboten.<\/p>\n\n\n\n<p>Die h\u00e4usliche Gewalt ist 2024 im Vergleich zum Vorjahr um 7,5 % angestiegen. Beim F\u00fcnf-Jahres-Vergleich zeigt sich ein Zuwachs der Opferzahlen um 12,8 %. Die Opfer der Partnerschaftsgewalt, einer Unterkategorie der h\u00e4uslichen Gewalt, waren Anteilig zu 78,1 % weiblich und zu 21,9 % m\u00e4nnlich. Im F\u00fcnf-Jahres-Vergleich 2020 bis 2024 wurden 17,8 % mehr Opfer h\u00e4uslicher Gewalt registriert, 14,9 % mehr Tatverd\u00e4chtige bei h\u00e4uslicher Gewalt, und 7,7 % weniger Opfer h\u00e4uslicher Gewalt mit t\u00f6dlichen Ausgang.<\/p>\n\n\n\n<p>QUELLE: STADTVERWALTUNG<\/p>\n","protected":false},"excerpt":{"rendered":"<div class=\"mh-excerpt\"><p>Gera und 29 weitere Kommunen in Th\u00fcringen informierten zusammen mit der Landesgleichstellungsbeauftragten sowie den regionalen Netzen gegen h\u00e4usliche Gewalt anl\u00e4sslich des Internationalen Tages gegen Gewalt an Frauen am 25. November \u00fcber rund 200 Beratungsstellen in <a class=\"mh-excerpt-more\" href=\"https:\/\/www.studiogera.de\/001\/2025\/11\/26\/aktionen-und-informationen-zum-thema-haeusliche-gewalt\/\" title=\"AKTIONEN UND INFORMATIONEN ZUM THEMA H\u00c4USLICHE GEWALT\">[&#8230;]<\/a><\/p>\n<\/div>","protected":false},"author":2,"featured_media":40253,"comment_status":"open","ping_status":"open","sticky":false,"template":"","format":"standard","meta":{"footnotes":""},"categories":[3],"tags":[],"class_list":{"0":"post-40251","1":"post","2":"type-post","3":"status-publish","4":"format-standard","5":"has-post-thumbnail","7":"category-lokal"},"_links":{"self":[{"href":"https:\/\/www.studiogera.de\/001\/wp-json\/wp\/v2\/posts\/40251","targetHints":{"allow":["GET"]}}],"collection":[{"href":"https:\/\/www.studiogera.de\/001\/wp-json\/wp\/v2\/posts"}],"about":[{"href":"https:\/\/www.studiogera.de\/001\/wp-json\/wp\/v2\/types\/post"}],"author":[{"embeddable":true,"href":"https:\/\/www.studiogera.de\/001\/wp-json\/wp\/v2\/users\/2"}],"replies":[{"embeddable":true,"href":"https:\/\/www.studiogera.de\/001\/wp-json\/wp\/v2\/comments?post=40251"}],"version-history":[{"count":5,"href":"https:\/\/www.studiogera.de\/001\/wp-json\/wp\/v2\/posts\/40251\/revisions"}],"predecessor-version":[{"id":40258,"href":"https:\/\/www.studiogera.de\/001\/wp-json\/wp\/v2\/posts\/40251\/revisions\/40258"}],"wp:featuredmedia":[{"embeddable":true,"href":"https:\/\/www.studiogera.de\/001\/wp-json\/wp\/v2\/media\/40253"}],"wp:attachment":[{"href":"https:\/\/www.studiogera.de\/001\/wp-json\/wp\/v2\/media?parent=40251"}],"wp:term":[{"taxonomy":"category","embeddable":true,"href":"https:\/\/www.studiogera.de\/001\/wp-json\/wp\/v2\/categories?post=40251"},{"taxonomy":"post_tag","embeddable":true,"href":"https:\/\/www.studiogera.de\/001\/wp-json\/wp\/v2\/tags?post=40251"}],"curies":[{"name":"wp","href":"https:\/\/api.w.org\/{rel}","templated":true}]}}