{"id":40259,"date":"2025-11-27T13:07:52","date_gmt":"2025-11-27T12:07:52","guid":{"rendered":"https:\/\/www.studiogera.de\/001\/?p=40259"},"modified":"2025-11-27T13:07:53","modified_gmt":"2025-11-27T12:07:53","slug":"baumstumpf-im-stadtwald-angezuendet","status":"publish","type":"post","link":"https:\/\/www.studiogera.de\/001\/2025\/11\/27\/baumstumpf-im-stadtwald-angezuendet\/","title":{"rendered":"BAUMSTUMPF IM STADTWALD ANGEZ\u00dcNDET"},"content":{"rendered":"\n<p>Am 26. November 2025 wurde um 16.24 Uhr im Bereich des Faulenzerwegs im Stadtwald ein brennender Baumstumpf festgestellt. Unbekannte T\u00e4ter hatten diesen zuvor auf bislang ungekl\u00e4rte Weise entz\u00fcndet. Der entstandene Schaden wird auf einen mittleren dreistelligen Betrag gesch\u00e4tzt. Die Polizei hat Ermittlungen wegen Sachbesch\u00e4digung aufgenommen. Hinweise zu verd\u00e4chtigen Wahrnehmungen nimmt die Landespolizeiinspektion Gera unter der Telefonnummer 0365 8290 entgegen. Die Bezugsnummer zum Fall lautet 0308405\/2025.<\/p>\n","protected":false},"excerpt":{"rendered":"<div class=\"mh-excerpt\"><p>Am 26. November 2025 wurde um 16.24 Uhr im Bereich des Faulenzerwegs im Stadtwald ein brennender Baumstumpf festgestellt. Unbekannte T\u00e4ter hatten diesen zuvor auf bislang ungekl\u00e4rte Weise entz\u00fcndet. Der entstandene Schaden wird auf einen mittleren <a class=\"mh-excerpt-more\" href=\"https:\/\/www.studiogera.de\/001\/2025\/11\/27\/baumstumpf-im-stadtwald-angezuendet\/\" title=\"BAUMSTUMPF IM STADTWALD ANGEZ\u00dcNDET\">[&#8230;]<\/a><\/p>\n<\/div>","protected":false},"author":3,"featured_media":33267,"comment_status":"open","ping_status":"open","sticky":false,"template":"","format":"standard","meta":{"footnotes":""},"categories":[13],"tags":[],"class_list":{"0":"post-40259","1":"post","2":"type-post","3":"status-publish","4":"format-standard","5":"has-post-thumbnail","7":"category-polizeiberichte"},"_links":{"self":[{"href":"https:\/\/www.studiogera.de\/001\/wp-json\/wp\/v2\/posts\/40259","targetHints":{"allow":["GET"]}}],"collection":[{"href":"https:\/\/www.studiogera.de\/001\/wp-json\/wp\/v2\/posts"}],"about":[{"href":"https:\/\/www.studiogera.de\/001\/wp-json\/wp\/v2\/types\/post"}],"author":[{"embeddable":true,"href":"https:\/\/www.studiogera.de\/001\/wp-json\/wp\/v2\/users\/3"}],"replies":[{"embeddable":true,"href":"https:\/\/www.studiogera.de\/001\/wp-json\/wp\/v2\/comments?post=40259"}],"version-history":[{"count":1,"href":"https:\/\/www.studiogera.de\/001\/wp-json\/wp\/v2\/posts\/40259\/revisions"}],"predecessor-version":[{"id":40260,"href":"https:\/\/www.studiogera.de\/001\/wp-json\/wp\/v2\/posts\/40259\/revisions\/40260"}],"wp:featuredmedia":[{"embeddable":true,"href":"https:\/\/www.studiogera.de\/001\/wp-json\/wp\/v2\/media\/33267"}],"wp:attachment":[{"href":"https:\/\/www.studiogera.de\/001\/wp-json\/wp\/v2\/media?parent=40259"}],"wp:term":[{"taxonomy":"category","embeddable":true,"href":"https:\/\/www.studiogera.de\/001\/wp-json\/wp\/v2\/categories?post=40259"},{"taxonomy":"post_tag","embeddable":true,"href":"https:\/\/www.studiogera.de\/001\/wp-json\/wp\/v2\/tags?post=40259"}],"curies":[{"name":"wp","href":"https:\/\/api.w.org\/{rel}","templated":true}]}}