{"id":40261,"date":"2025-11-27T13:09:39","date_gmt":"2025-11-27T12:09:39","guid":{"rendered":"https:\/\/www.studiogera.de\/001\/?p=40261"},"modified":"2025-11-27T13:09:40","modified_gmt":"2025-11-27T12:09:40","slug":"alkoholisierter-fahrer-im-koestritzer-weg","status":"publish","type":"post","link":"https:\/\/www.studiogera.de\/001\/2025\/11\/27\/alkoholisierter-fahrer-im-koestritzer-weg\/","title":{"rendered":"ALKOHOLISIERTER FAHRER IM K\u00d6STRITZER WEG"},"content":{"rendered":"\n<p>Am 26. November 2025 kontrollierten Polizeibeamte nachts gegen 21.15 Uhr einen 43-j\u00e4hrigen Fahrer im Bereich des K\u00f6stritzer Weges. Der Mann stand nach ersten Erkenntnissen unter Alkoholeinfluss. Zudem wurde im Fahrzeug eine ge\u00f6ffnete Getr\u00e4nkeflasche festgestellt. Er wurde zur Blutentnahme in ein Klinikum gebracht. Die Weiterfahrt wurde unterbunden. Die Ermittlungen dauern an.<\/p>\n","protected":false},"excerpt":{"rendered":"<div class=\"mh-excerpt\"><p>Am 26. November 2025 kontrollierten Polizeibeamte nachts gegen 21.15 Uhr einen 43-j\u00e4hrigen Fahrer im Bereich des K\u00f6stritzer Weges. Der Mann stand nach ersten Erkenntnissen unter Alkoholeinfluss. Zudem wurde im Fahrzeug eine ge\u00f6ffnete Getr\u00e4nkeflasche festgestellt. Er <a class=\"mh-excerpt-more\" href=\"https:\/\/www.studiogera.de\/001\/2025\/11\/27\/alkoholisierter-fahrer-im-koestritzer-weg\/\" title=\"ALKOHOLISIERTER FAHRER IM K\u00d6STRITZER WEG\">[&#8230;]<\/a><\/p>\n<\/div>","protected":false},"author":3,"featured_media":9356,"comment_status":"open","ping_status":"open","sticky":false,"template":"","format":"standard","meta":{"footnotes":""},"categories":[13],"tags":[],"class_list":{"0":"post-40261","1":"post","2":"type-post","3":"status-publish","4":"format-standard","5":"has-post-thumbnail","7":"category-polizeiberichte"},"_links":{"self":[{"href":"https:\/\/www.studiogera.de\/001\/wp-json\/wp\/v2\/posts\/40261","targetHints":{"allow":["GET"]}}],"collection":[{"href":"https:\/\/www.studiogera.de\/001\/wp-json\/wp\/v2\/posts"}],"about":[{"href":"https:\/\/www.studiogera.de\/001\/wp-json\/wp\/v2\/types\/post"}],"author":[{"embeddable":true,"href":"https:\/\/www.studiogera.de\/001\/wp-json\/wp\/v2\/users\/3"}],"replies":[{"embeddable":true,"href":"https:\/\/www.studiogera.de\/001\/wp-json\/wp\/v2\/comments?post=40261"}],"version-history":[{"count":1,"href":"https:\/\/www.studiogera.de\/001\/wp-json\/wp\/v2\/posts\/40261\/revisions"}],"predecessor-version":[{"id":40262,"href":"https:\/\/www.studiogera.de\/001\/wp-json\/wp\/v2\/posts\/40261\/revisions\/40262"}],"wp:featuredmedia":[{"embeddable":true,"href":"https:\/\/www.studiogera.de\/001\/wp-json\/wp\/v2\/media\/9356"}],"wp:attachment":[{"href":"https:\/\/www.studiogera.de\/001\/wp-json\/wp\/v2\/media?parent=40261"}],"wp:term":[{"taxonomy":"category","embeddable":true,"href":"https:\/\/www.studiogera.de\/001\/wp-json\/wp\/v2\/categories?post=40261"},{"taxonomy":"post_tag","embeddable":true,"href":"https:\/\/www.studiogera.de\/001\/wp-json\/wp\/v2\/tags?post=40261"}],"curies":[{"name":"wp","href":"https:\/\/api.w.org\/{rel}","templated":true}]}}