{"id":40263,"date":"2025-11-27T18:28:25","date_gmt":"2025-11-27T17:28:25","guid":{"rendered":"https:\/\/www.studiogera.de\/001\/?p=40263"},"modified":"2025-11-27T18:28:26","modified_gmt":"2025-11-27T17:28:26","slug":"arbeiten-in-der-untermhaeuser-strasse-verzoegern-sich","status":"publish","type":"post","link":"https:\/\/www.studiogera.de\/001\/2025\/11\/27\/arbeiten-in-der-untermhaeuser-strasse-verzoegern-sich\/","title":{"rendered":"ARBEITEN IN DER UNTERMH\u00c4USER STRASSE VERZ\u00d6GERN SICH"},"content":{"rendered":"\n<p>Im Auftrag der Stadt Gera, dem Tiefbauamt wird seit dem 13. Oktober 2025 die Fahrbahnoberfl\u00e4che in der Untermh\u00e4user Stra\u00dfe von Abzweig Schiefergasse bis Haus Nr. 69 saniert. Da f\u00fcr den derzeit beabsichtigten Asphalteinbau ung\u00fcnstige Witterungsbedingungen vorherrschen, werden die verbleibenden Asphalteinbauarbeiten auf die n\u00e4chsten Tage verschoben.<\/p>\n\n\n\n<p>Der Verkehr wird weiterhin \u00fcber die Orte Milbitz, Thieschitz, Rubitz, T\u00f6ppeln, Frankenthal, Scheubengrobsdorf und Windischenbernsdorf in beide Fahrtrichtungen umgeleitet. Dem Fu\u00dfg\u00e4nger- und Radverkehr wird als Alternative zur Untermh\u00e4user Stra\u00dfe der Elsterradweg zwischen Milbitz und Untermhaus empfohlen.<\/p>\n\n\n\n<p>F\u00fcr den \u00f6ffentlichen Personennahverkehr ergeben sich weiterhin folgende \u00c4nderungen. Es sind tempor\u00e4re Wendestellen f\u00fcr der Buslinie 20 in der Ortslage Milbitz sowie auf der Untermh\u00e4user Stra\u00dfe, im Bereich Abzweig ehemaliges Milit\u00e4rkrankenhaus eingerichtet. Im Weiteren erfolgt die Sch\u00fclerbef\u00f6rderung aus Milbitz, Thieschitz und Rubitz \u00fcber die Stra\u00dfe \u201eDie Hohle\u201c in die Untermh\u00e4user Schulen.<\/p>\n\n\n\n<p>Ausgef\u00fchrt werden die Arbeiten durch die Firma Streicher Tief- und Ingenieurbau Jena GmbH &amp; Co. KG und dauern voraussichtlich noch bis zum 6. Dezember 2025 an.<\/p>\n\n\n\n<p>QUELLE: STADTVERWALTUNG<\/p>\n","protected":false},"excerpt":{"rendered":"<div class=\"mh-excerpt\"><p>Im Auftrag der Stadt Gera, dem Tiefbauamt wird seit dem 13. Oktober 2025 die Fahrbahnoberfl\u00e4che in der Untermh\u00e4user Stra\u00dfe von Abzweig Schiefergasse bis Haus Nr. 69 saniert. Da f\u00fcr den derzeit beabsichtigten Asphalteinbau ung\u00fcnstige Witterungsbedingungen <a class=\"mh-excerpt-more\" href=\"https:\/\/www.studiogera.de\/001\/2025\/11\/27\/arbeiten-in-der-untermhaeuser-strasse-verzoegern-sich\/\" title=\"ARBEITEN IN DER UNTERMH\u00c4USER STRASSE VERZ\u00d6GERN SICH\">[&#8230;]<\/a><\/p>\n<\/div>","protected":false},"author":2,"featured_media":40264,"comment_status":"open","ping_status":"open","sticky":false,"template":"","format":"standard","meta":{"footnotes":""},"categories":[3],"tags":[],"class_list":{"0":"post-40263","1":"post","2":"type-post","3":"status-publish","4":"format-standard","5":"has-post-thumbnail","7":"category-lokal"},"_links":{"self":[{"href":"https:\/\/www.studiogera.de\/001\/wp-json\/wp\/v2\/posts\/40263","targetHints":{"allow":["GET"]}}],"collection":[{"href":"https:\/\/www.studiogera.de\/001\/wp-json\/wp\/v2\/posts"}],"about":[{"href":"https:\/\/www.studiogera.de\/001\/wp-json\/wp\/v2\/types\/post"}],"author":[{"embeddable":true,"href":"https:\/\/www.studiogera.de\/001\/wp-json\/wp\/v2\/users\/2"}],"replies":[{"embeddable":true,"href":"https:\/\/www.studiogera.de\/001\/wp-json\/wp\/v2\/comments?post=40263"}],"version-history":[{"count":1,"href":"https:\/\/www.studiogera.de\/001\/wp-json\/wp\/v2\/posts\/40263\/revisions"}],"predecessor-version":[{"id":40265,"href":"https:\/\/www.studiogera.de\/001\/wp-json\/wp\/v2\/posts\/40263\/revisions\/40265"}],"wp:featuredmedia":[{"embeddable":true,"href":"https:\/\/www.studiogera.de\/001\/wp-json\/wp\/v2\/media\/40264"}],"wp:attachment":[{"href":"https:\/\/www.studiogera.de\/001\/wp-json\/wp\/v2\/media?parent=40263"}],"wp:term":[{"taxonomy":"category","embeddable":true,"href":"https:\/\/www.studiogera.de\/001\/wp-json\/wp\/v2\/categories?post=40263"},{"taxonomy":"post_tag","embeddable":true,"href":"https:\/\/www.studiogera.de\/001\/wp-json\/wp\/v2\/tags?post=40263"}],"curies":[{"name":"wp","href":"https:\/\/api.w.org\/{rel}","templated":true}]}}