{"id":40266,"date":"2025-11-27T18:57:39","date_gmt":"2025-11-27T17:57:39","guid":{"rendered":"https:\/\/www.studiogera.de\/001\/?p=40266"},"modified":"2025-11-27T18:57:41","modified_gmt":"2025-11-27T17:57:41","slug":"erlebniskuppel-auf-dem-johannisplatz","status":"publish","type":"post","link":"https:\/\/www.studiogera.de\/001\/2025\/11\/27\/erlebniskuppel-auf-dem-johannisplatz\/","title":{"rendered":"ERLEBNISKUPPEL AUF DEM JOHANNISPLATZ"},"content":{"rendered":"\n<p>Eine Besonderheit in der diesj\u00e4hrigen Vorweihnachtszeit ist das kleine Kuppelgeb\u00e4ude auf dem Johannisplatz. Wie in einem Planetarium werden dort Bilder und Filme auf die Kuppel projiziert. F\u00fcr die Besucher haben die Initiatoren ein abwechslungsreiches Programm zusammengestellt. T\u00e4glich gibt es folgende Vorf\u00fchrungen:<\/p>\n\n\n\n<p>10 Uhr: Sterntaler<br>11 Uhr: Sterntaler<br>14 Uhr: Sterntaler<br>15 Uhr: Traumzauberbaum<br>16 Uhr: Weihnachtsfilm<br>17 Uhr: Flow \u2013 Visions of Time<br>19 Uhr: Impossible Space<\/p>\n\n\n\n<p>Zwischen den Darbietungen wird der neue Pr\u00e4sentationsfilm \u00fcber die Stadt Gera gezeigt \u2013 erz\u00e4hlt von der M\u00e4rchenfigur Rapunzel.<\/p>\n\n\n\n<p><strong>Impossible Space \u2013 Eine immersive kosmische Odyssee<\/strong><br>Gezeigt wird eine symphonische Reise durch reale und k\u00fcnstliche Welten, inspiriert vom Geist der Wissenschaft und Entdeckung. Diese Vorf\u00fchrung interpretiert den \u201eWeltraum\u201c als mehr als nur das Universum am Nachthimmel. Alles ist Raum: Unser Alltag, das Gehirn, Computeralgorithmen und die kleinsten Bausteine der Realit\u00e4t. Mit epischer orchestraler Filmmusik, elektronischem Synth-Minimalismus und beeindruckenden Visualisierungen entf\u00fchrt \u201eImpossible Space\u201c die Betrachter auf eine faszinierende Reise in die unendlichen Weiten des Universums und dar\u00fcber hinaus. Das einzigartige audiovisuelle Erlebnis l\u00e4sst die Grenzen zwischen Kunst, Wissenschaft und Fantasie verschwimmen.<\/p>\n\n\n\n<p><strong>Flow \u2013 Visions of Time<\/strong><br>Dieses 57-min\u00fctige Fulldome-Kunst- und Musikprojekt erforscht die abstrakte Kraft der Zeit. Mit beeindruckenden 360-Grad-Aufnahmen verbindet es Musik, Klang und visuelle Symbolik, um die fl\u00fcchtige Natur der Zeit greifbar zu machen. Ein immersives Erlebnis, das zum Nachdenken anregt und die Zeit in ihrer unendlichen Vielfalt erfahrbar macht. Das Konzept, Drehbuch und die Animation ist ein Werk von Johannes Kraas.<\/p>\n\n\n\n<p><strong>Der Traumzauberbaum \u2013 Geschichten auf der gro\u00dfen 360-Grad-Kuppel<\/strong><br>F\u00fcr unsere kleinen G\u00e4ste und alle, die mit dem Traumzauberbaum aufgewachsen sind, bieten wir eine bezaubernde Visualisierung des legend\u00e4ren Albums \u201eDer Traumzauberbaum: Geschichtenlieder\u201c von 1980. Das Musik-H\u00f6rspiel wird mit beeindruckenden Animationen zum Leben erweckt, sodass die Geschichten und Figuren im gro\u00dfen Planetariumsraum lebendig werden. Ein magisches Erlebnis, das die Fantasie befl\u00fcgelt.<\/p>\n\n\n\n<p><strong>Sterntaler \u2013 Vom Universum belohnt<\/strong><br>In einer besonderen Neuinterpretation des bekannten M\u00e4rchens wird das arme Waisenm\u00e4dchen zur Weltraumfee, die auf einem fernen Planeten lebt. Durch ihre N\u00e4chstenliebe wird sie mit Sternen als Silbertaler belohnt, die sie in einem leuchtenden Tempel zusammenf\u00fcgt \u2013 ein Symbol f\u00fcr Liebe, Gemeinschaft und das Leben in all seiner Vielfalt. Die Produktion wurde von Dr. Julia Kretschmer-Wachsmann gestaltet und ist mit Stimmen prominenter K\u00fcnstlerinnen und K\u00fcnstler wie Stefanie Heinzmann, Ingo Pohlmann, Tetje Mierendorf und Elena Zvirbulis zu erleben.<\/p>\n\n\n\n<p>Der Kuppelbau bietet Platz f\u00fcr bis zu 40 Personen pro Vorstellung und beeindruckt mit einer \u00fcberdimensionalen Weihnachtsbaumkugel, die sechs Meter in den Himmel ragt. Die Technik wird von Skyskan in Seehaupt bei M\u00fcnchen betrieben, in Kooperation mit der Stiftung Planetarien Berlin. Koordinatoren des Projektes sind die Abteilung Wirtschaftsf\u00f6rderung der Stadt Gera und die Stiftung Planetarien Berlin.<\/p>\n\n\n\n<p>QUELLE: STADTVERWALTUNG<\/p>\n","protected":false},"excerpt":{"rendered":"<div class=\"mh-excerpt\"><p>Eine Besonderheit in der diesj\u00e4hrigen Vorweihnachtszeit ist das kleine Kuppelgeb\u00e4ude auf dem Johannisplatz. Wie in einem Planetarium werden dort Bilder und Filme auf die Kuppel projiziert. F\u00fcr die Besucher haben die Initiatoren ein abwechslungsreiches Programm <a class=\"mh-excerpt-more\" href=\"https:\/\/www.studiogera.de\/001\/2025\/11\/27\/erlebniskuppel-auf-dem-johannisplatz\/\" title=\"ERLEBNISKUPPEL AUF DEM JOHANNISPLATZ\">[&#8230;]<\/a><\/p>\n<\/div>","protected":false},"author":2,"featured_media":40268,"comment_status":"open","ping_status":"open","sticky":false,"template":"","format":"standard","meta":{"footnotes":""},"categories":[8],"tags":[],"class_list":{"0":"post-40266","1":"post","2":"type-post","3":"status-publish","4":"format-standard","5":"has-post-thumbnail","7":"category-kultur"},"_links":{"self":[{"href":"https:\/\/www.studiogera.de\/001\/wp-json\/wp\/v2\/posts\/40266","targetHints":{"allow":["GET"]}}],"collection":[{"href":"https:\/\/www.studiogera.de\/001\/wp-json\/wp\/v2\/posts"}],"about":[{"href":"https:\/\/www.studiogera.de\/001\/wp-json\/wp\/v2\/types\/post"}],"author":[{"embeddable":true,"href":"https:\/\/www.studiogera.de\/001\/wp-json\/wp\/v2\/users\/2"}],"replies":[{"embeddable":true,"href":"https:\/\/www.studiogera.de\/001\/wp-json\/wp\/v2\/comments?post=40266"}],"version-history":[{"count":2,"href":"https:\/\/www.studiogera.de\/001\/wp-json\/wp\/v2\/posts\/40266\/revisions"}],"predecessor-version":[{"id":40269,"href":"https:\/\/www.studiogera.de\/001\/wp-json\/wp\/v2\/posts\/40266\/revisions\/40269"}],"wp:featuredmedia":[{"embeddable":true,"href":"https:\/\/www.studiogera.de\/001\/wp-json\/wp\/v2\/media\/40268"}],"wp:attachment":[{"href":"https:\/\/www.studiogera.de\/001\/wp-json\/wp\/v2\/media?parent=40266"}],"wp:term":[{"taxonomy":"category","embeddable":true,"href":"https:\/\/www.studiogera.de\/001\/wp-json\/wp\/v2\/categories?post=40266"},{"taxonomy":"post_tag","embeddable":true,"href":"https:\/\/www.studiogera.de\/001\/wp-json\/wp\/v2\/tags?post=40266"}],"curies":[{"name":"wp","href":"https:\/\/api.w.org\/{rel}","templated":true}]}}