{"id":40270,"date":"2025-11-27T19:53:52","date_gmt":"2025-11-27T18:53:52","guid":{"rendered":"https:\/\/www.studiogera.de\/001\/?p=40270"},"modified":"2025-11-27T20:01:59","modified_gmt":"2025-11-27T19:01:59","slug":"und-so-kommn-wir-aus-der-freude-gar-nicht-raus","status":"publish","type":"post","link":"https:\/\/www.studiogera.de\/001\/2025\/11\/27\/und-so-kommn-wir-aus-der-freude-gar-nicht-raus\/","title":{"rendered":"\u201eUND SO KOMM&#8217;N WIR AUS DER FREUDE GAR NICHT RAUS\u201c"},"content":{"rendered":"\n<p>Mit \u201eUnd so komm\u2019n wir aus der Freude gar nicht raus\u201c pr\u00e4sentiert das Theater Altenburg Gera einen warmherzigen und humorvollen Abend, der das literarische Kabarett in den Mittelpunkt stellt. In einer kleinen, beinahe aus der Zeit gefallenen Kneipe lassen ein Kellner und ein Barpianist und ein Geschichten und Chansons vergangener Jahrzehnte aufleben. W\u00e4hrend sie auf G\u00e4ste warten, die nie erscheinen, philosophieren sie mit Witz und Leichtigkeit \u00fcber das Leben \u2013 stets begleitet von der Botschaft: Nimm das Leben nicht so ernst!<\/p>\n\n\n\n<p>Schauspieldirektor Manuel Kressin steht, neben Schauspielkapellmeister Olav Kr\u00f6ger, selbst auf der B\u00fchne und pr\u00e4sentiert Texte und Lieder u. a. von Reutter, Hollaender, Tucholsky, Valentin und K\u00e4stner. Der Abend zeigt, wie Humor auch in herausfordernden Zeiten zur Lebenshaltung werden kann.<\/p>\n\n\n\n<p>Die Produktion ist eine liebevolle Hommage an eine fast verschwundene Unterhaltungskultur und ein beschwingter Einstieg in die Weihnachtszeit.<\/p>\n\n\n\n<p>TERMINE<\/p>\n\n\n\n<p>Samstag, 29. November 2025, 19.30 Uhr, Heizhaus Altenburg<br>Donnerstag, 11. Dezember 2025, 14.30 Uhr, B\u00fchne am Park Gera (Premiere)<br>Samstag, 13. Dezember 2025, 19.30 Uhr, Heizhaus Altenburg<br>Sonntag, 21. Dezember 2025, 18 Uhr, Heizhaus Altenburg<br>Sonntag, 18. Januar 2026, 18 Uhr, B\u00fchne am Park Gera<\/p>\n\n\n\n<p>Eintrittskarten sind an den Theaterkassen sowie \u00fcber die Webseite des Theaters erh\u00e4ltlich. Diese sind unter der Rufnummer 0365 8279105 bzw. 03447 585160 sowie \u00fcber \u201ehttps:\/\/theater-altenburg-gera.de\/\u201d erreichbar.<\/p>\n\n\n\n<p>QUELLE: THEATER ALTENBURG GERA GGMBH<\/p>\n","protected":false},"excerpt":{"rendered":"<div class=\"mh-excerpt\"><p>Mit \u201eUnd so komm\u2019n wir aus der Freude gar nicht raus\u201c pr\u00e4sentiert das Theater Altenburg Gera einen warmherzigen und humorvollen Abend, der das literarische Kabarett in den Mittelpunkt stellt. In einer kleinen, beinahe aus der <a class=\"mh-excerpt-more\" href=\"https:\/\/www.studiogera.de\/001\/2025\/11\/27\/und-so-kommn-wir-aus-der-freude-gar-nicht-raus\/\" title=\"\u201eUND SO KOMM&#8217;N WIR AUS DER FREUDE GAR NICHT RAUS\u201c\">[&#8230;]<\/a><\/p>\n<\/div>","protected":false},"author":2,"featured_media":40271,"comment_status":"open","ping_status":"open","sticky":false,"template":"","format":"standard","meta":{"footnotes":""},"categories":[15],"tags":[],"class_list":{"0":"post-40270","1":"post","2":"type-post","3":"status-publish","4":"format-standard","5":"has-post-thumbnail","7":"category-theater"},"_links":{"self":[{"href":"https:\/\/www.studiogera.de\/001\/wp-json\/wp\/v2\/posts\/40270","targetHints":{"allow":["GET"]}}],"collection":[{"href":"https:\/\/www.studiogera.de\/001\/wp-json\/wp\/v2\/posts"}],"about":[{"href":"https:\/\/www.studiogera.de\/001\/wp-json\/wp\/v2\/types\/post"}],"author":[{"embeddable":true,"href":"https:\/\/www.studiogera.de\/001\/wp-json\/wp\/v2\/users\/2"}],"replies":[{"embeddable":true,"href":"https:\/\/www.studiogera.de\/001\/wp-json\/wp\/v2\/comments?post=40270"}],"version-history":[{"count":2,"href":"https:\/\/www.studiogera.de\/001\/wp-json\/wp\/v2\/posts\/40270\/revisions"}],"predecessor-version":[{"id":40274,"href":"https:\/\/www.studiogera.de\/001\/wp-json\/wp\/v2\/posts\/40270\/revisions\/40274"}],"wp:featuredmedia":[{"embeddable":true,"href":"https:\/\/www.studiogera.de\/001\/wp-json\/wp\/v2\/media\/40271"}],"wp:attachment":[{"href":"https:\/\/www.studiogera.de\/001\/wp-json\/wp\/v2\/media?parent=40270"}],"wp:term":[{"taxonomy":"category","embeddable":true,"href":"https:\/\/www.studiogera.de\/001\/wp-json\/wp\/v2\/categories?post=40270"},{"taxonomy":"post_tag","embeddable":true,"href":"https:\/\/www.studiogera.de\/001\/wp-json\/wp\/v2\/tags?post=40270"}],"curies":[{"name":"wp","href":"https:\/\/api.w.org\/{rel}","templated":true}]}}