{"id":40285,"date":"2025-11-28T17:08:21","date_gmt":"2025-11-28T16:08:21","guid":{"rendered":"https:\/\/www.studiogera.de\/001\/?p=40285"},"modified":"2025-11-28T17:08:23","modified_gmt":"2025-11-28T16:08:23","slug":"vu-in-der-heinrichstrasse-4","status":"publish","type":"post","link":"https:\/\/www.studiogera.de\/001\/2025\/11\/28\/vu-in-der-heinrichstrasse-4\/","title":{"rendered":"VU IN DER HEINRICHSTRASSE"},"content":{"rendered":"\n<p>Am Nachmittag des 28. November befuhr ein 37-j\u00e4hriger Mann laut Zeugen mit hoher Geschwindigkeit verbotswidrig den Fu\u00dfweg in der Heinrichstra\u00dfe. Hierbei touchierte dieser eine leicht ge\u00f6ffnete Fahrzeugt\u00fcr, kam zu Fall und kollidierte in der weiteren Folge, zehn Meter entfernt, mit einem weiteren Fahrzeug. Der Fahrradfahrer verletzte sich hierbei schwer. Vor Ort stellte sich heraus, dass der Radler nicht nur alkoholisiert war, sondern zus\u00e4tzlich auch noch Bet\u00e4ubungsmittel konsumiert hatte. Neben dem Schadensregulierung hat der Herr sich in einem Strafverfahren zu verantworten. Weitere Personen wurden dank gl\u00fccklicher Umst\u00e4nde nicht verletzt<\/p>\n","protected":false},"excerpt":{"rendered":"<div class=\"mh-excerpt\"><p>Am Nachmittag des 28. November befuhr ein 37-j\u00e4hriger Mann laut Zeugen mit hoher Geschwindigkeit verbotswidrig den Fu\u00dfweg in der Heinrichstra\u00dfe. Hierbei touchierte dieser eine leicht ge\u00f6ffnete Fahrzeugt\u00fcr, kam zu Fall und kollidierte in der weiteren <a class=\"mh-excerpt-more\" href=\"https:\/\/www.studiogera.de\/001\/2025\/11\/28\/vu-in-der-heinrichstrasse-4\/\" title=\"VU IN DER HEINRICHSTRASSE\">[&#8230;]<\/a><\/p>\n<\/div>","protected":false},"author":3,"featured_media":15695,"comment_status":"open","ping_status":"open","sticky":false,"template":"","format":"standard","meta":{"footnotes":""},"categories":[13],"tags":[],"class_list":{"0":"post-40285","1":"post","2":"type-post","3":"status-publish","4":"format-standard","5":"has-post-thumbnail","7":"category-polizeiberichte"},"_links":{"self":[{"href":"https:\/\/www.studiogera.de\/001\/wp-json\/wp\/v2\/posts\/40285","targetHints":{"allow":["GET"]}}],"collection":[{"href":"https:\/\/www.studiogera.de\/001\/wp-json\/wp\/v2\/posts"}],"about":[{"href":"https:\/\/www.studiogera.de\/001\/wp-json\/wp\/v2\/types\/post"}],"author":[{"embeddable":true,"href":"https:\/\/www.studiogera.de\/001\/wp-json\/wp\/v2\/users\/3"}],"replies":[{"embeddable":true,"href":"https:\/\/www.studiogera.de\/001\/wp-json\/wp\/v2\/comments?post=40285"}],"version-history":[{"count":1,"href":"https:\/\/www.studiogera.de\/001\/wp-json\/wp\/v2\/posts\/40285\/revisions"}],"predecessor-version":[{"id":40286,"href":"https:\/\/www.studiogera.de\/001\/wp-json\/wp\/v2\/posts\/40285\/revisions\/40286"}],"wp:featuredmedia":[{"embeddable":true,"href":"https:\/\/www.studiogera.de\/001\/wp-json\/wp\/v2\/media\/15695"}],"wp:attachment":[{"href":"https:\/\/www.studiogera.de\/001\/wp-json\/wp\/v2\/media?parent=40285"}],"wp:term":[{"taxonomy":"category","embeddable":true,"href":"https:\/\/www.studiogera.de\/001\/wp-json\/wp\/v2\/categories?post=40285"},{"taxonomy":"post_tag","embeddable":true,"href":"https:\/\/www.studiogera.de\/001\/wp-json\/wp\/v2\/tags?post=40285"}],"curies":[{"name":"wp","href":"https:\/\/api.w.org\/{rel}","templated":true}]}}