{"id":40287,"date":"2025-11-28T17:11:01","date_gmt":"2025-11-28T16:11:01","guid":{"rendered":"https:\/\/www.studiogera.de\/001\/?p=40287"},"modified":"2025-11-28T17:11:02","modified_gmt":"2025-11-28T16:11:02","slug":"vu-in-der-heeresbergstrasse","status":"publish","type":"post","link":"https:\/\/www.studiogera.de\/001\/2025\/11\/28\/vu-in-der-heeresbergstrasse\/","title":{"rendered":"VU IN DER HEERESBERGSTRASSE"},"content":{"rendered":"\n<p>Am Freitag, den 28. November 2025 kam es gegen 13.35 Uhr auf der Heeresbergstra\u00dfe zu einem Auffahrunfall mit zwei leicht verletzten Personen. Hierbei befuhr ein 52-j\u00e4hriger Mann mit seinem PKW die Heeresbergstra\u00dfe in Richtung der Zoitzbergstra\u00dfe. Aufgrund eines sich auf einer Einsatzfahrt befindlichen Feuerwehrfahrzeuges musste jener bremsen. Ein 45 Jahre alter PKW-Fahrer, welcher hinter dem 52-j\u00e4hrigen folgte, realisierte das Bremsman\u00f6ver zu sp\u00e4t. Hierdurch kam es zu Kollision, wodurch der Fahrer des vorausfahrenden PKW sowie die 39-j\u00e4hrige Beifahrerin des Unfallverursachers leicht verletzt wurden. An den Fahrzeugen entstand zudem Sachschaden.<\/p>\n","protected":false},"excerpt":{"rendered":"<div class=\"mh-excerpt\"><p>Am Freitag, den 28. November 2025 kam es gegen 13.35 Uhr auf der Heeresbergstra\u00dfe zu einem Auffahrunfall mit zwei leicht verletzten Personen. Hierbei befuhr ein 52-j\u00e4hriger Mann mit seinem PKW die Heeresbergstra\u00dfe in Richtung der <a class=\"mh-excerpt-more\" href=\"https:\/\/www.studiogera.de\/001\/2025\/11\/28\/vu-in-der-heeresbergstrasse\/\" title=\"VU IN DER HEERESBERGSTRASSE\">[&#8230;]<\/a><\/p>\n<\/div>","protected":false},"author":3,"featured_media":9353,"comment_status":"open","ping_status":"open","sticky":false,"template":"","format":"standard","meta":{"footnotes":""},"categories":[13],"tags":[],"class_list":{"0":"post-40287","1":"post","2":"type-post","3":"status-publish","4":"format-standard","5":"has-post-thumbnail","7":"category-polizeiberichte"},"_links":{"self":[{"href":"https:\/\/www.studiogera.de\/001\/wp-json\/wp\/v2\/posts\/40287","targetHints":{"allow":["GET"]}}],"collection":[{"href":"https:\/\/www.studiogera.de\/001\/wp-json\/wp\/v2\/posts"}],"about":[{"href":"https:\/\/www.studiogera.de\/001\/wp-json\/wp\/v2\/types\/post"}],"author":[{"embeddable":true,"href":"https:\/\/www.studiogera.de\/001\/wp-json\/wp\/v2\/users\/3"}],"replies":[{"embeddable":true,"href":"https:\/\/www.studiogera.de\/001\/wp-json\/wp\/v2\/comments?post=40287"}],"version-history":[{"count":1,"href":"https:\/\/www.studiogera.de\/001\/wp-json\/wp\/v2\/posts\/40287\/revisions"}],"predecessor-version":[{"id":40288,"href":"https:\/\/www.studiogera.de\/001\/wp-json\/wp\/v2\/posts\/40287\/revisions\/40288"}],"wp:featuredmedia":[{"embeddable":true,"href":"https:\/\/www.studiogera.de\/001\/wp-json\/wp\/v2\/media\/9353"}],"wp:attachment":[{"href":"https:\/\/www.studiogera.de\/001\/wp-json\/wp\/v2\/media?parent=40287"}],"wp:term":[{"taxonomy":"category","embeddable":true,"href":"https:\/\/www.studiogera.de\/001\/wp-json\/wp\/v2\/categories?post=40287"},{"taxonomy":"post_tag","embeddable":true,"href":"https:\/\/www.studiogera.de\/001\/wp-json\/wp\/v2\/tags?post=40287"}],"curies":[{"name":"wp","href":"https:\/\/api.w.org\/{rel}","templated":true}]}}