{"id":40289,"date":"2025-11-29T00:10:00","date_gmt":"2025-11-28T23:10:00","guid":{"rendered":"https:\/\/www.studiogera.de\/001\/?p=40289"},"modified":"2025-11-28T23:22:52","modified_gmt":"2025-11-28T22:22:52","slug":"veranstaltungen-am-samstag-122","status":"publish","type":"post","link":"https:\/\/www.studiogera.de\/001\/2025\/11\/29\/veranstaltungen-am-samstag-122\/","title":{"rendered":"VERANSTALTUNGEN AM SAMSTAG"},"content":{"rendered":"\n<p>Von 10 Uhr bis 17 Uhr l\u00e4dt die Stadt- und Regionalbibliothek zum weihnachtlichen Markttreiben ein. Der Weihnachtsmarkt am au\u00dfergew\u00f6hnlichen Ort hat Tradition; er findet zum vierzehnten Mal statt. Es bietet sich die Gelegenheit, den Bibliotheksbesuch entspannt mit der Einstimmung auf die Weihnachtszeit zu verbinden. Handgefertigtes und regionale Waren werden an kleinen St\u00e4nden pr\u00e4sentiert. Angeboten werden sch\u00f6ne und n\u00fctzliche Dinge aus Holz, Stoff, Filz, Papier, Wolle sowie diverse K\u00f6stlichkeiten und vieles mehr &#8211; zum Verschenken oder zum Behalten. Familien k\u00f6nnen in der Kinderbibliothek um 10.30 Uhr einer Geschichte lauschen; dort gibt es auch Basteleien f\u00fcr kleine H\u00e4nde. Erwachsene Besucher, die Freude am kreativ sein haben, k\u00f6nnen ebenfalls unter Anleitung an einem gro\u00dfen Tisch im Foyer basteln. F\u00fcrs leibliche Wohl sorgt der F\u00f6rderverein der Bibliothek. Selbstverst\u00e4ndlich findet an diesem Tag auch der normale Bibliotheksbetrieb statt, es k\u00f6nnen Medien ausgeliehen und auch zur\u00fcckgegeben werden.<\/p>\n\n\n\n<p>Von 11 Uhr bis 21 Uhr hat der Weihnachtsmarkt der Stadt Gera ge\u00f6ffnet. Auf der dortigen B\u00fchne ist ab 14 Uhr der Weihnachtszwulf zu sehen. Der Weihnachtsmann kommt um 16 Uhr. Ab 18 Uhr spielt der M\u00f6lli Oldies und Rockmusik.<\/p>\n\n\n\n<p>Die Musikschule \u201eHeinrich Sch\u00fctz\u201c l\u00e4dt um 15 Uhr zum diesj\u00e4hrigen Konzert im Advent in den Konzertsaal des Theaters Gera ein. Rund 70 Kinder und Jugendliche aus allen Fachbereichen und Genres pr\u00e4sentieren ein abwechslungsreiches Programm, das die musikalische Vielfalt der Schule eindrucksvoll widerspiegelt. Mit Eifer bereiten Lehrer und Sch\u00fcler einen stimmungsvollen Nachmittag voller Klangfarben und weihnachtlicher Atmosph\u00e4re vor. Mit gro\u00dfem Einsatz und musikalischem K\u00f6nnen zeigen die jungen Talente, was im Unterricht solistisch und in Ensembles der Musikschule erarbeitet wurde. Eintrittskarten f\u00fcr die zweist\u00fcndige Veranstaltung sind an der Theaterkasse erh\u00e4ltlich.<\/p>\n\n\n\n<p>Von 16 Uhr bis 17.30 Uhr pr\u00e4sentiert der D\u00fcrrenebersdorfer Heimatverein im Apart-Hotel Hofer Stra\u00dfe 12 D einen Vortrag von Falko Raab zur Ortsgeschichte.<\/p>\n\n\n\n<p>Im Clubzentrum Comma findet von 19.30 Uhr bis 22 Uhr der Heinz-Erhardt-Abend mit Hans Joachim Heist statt.<\/p>\n\n\n\n<p>Weltber\u00fchmte Musical-Hits und die bezauberndsten Weihnachtslieder werden von 20 Uhr bis 22.30 Uhr im Kultur- und Kongresszentrum dargeboten.<\/p>\n\n\n\n<p>\u201eDer alte Sack, der bring&#8217;s nicht mehr\u201c hei\u00dft das weihnachtliche Kabarettst\u00fcck mit Sara Zimmermann und Sascha Kiesewetter. Aufgef\u00fchrt wird es von 20 Uhr bis 22.15 Uhr im Rathauskeller.<\/p>\n\n\n\n<p>In der Quisisana, De-Smit-Stra\u00dfe 2, wird ab 22 Uhr Discofox gespielt. Die Tanzschule Paunack l\u00e4dt zu einem besonderen Elternabend in die dortige Havanna-Lounge ein. Es wird um ein Erscheinen in angemessener Kleidung gebeten. Nebenan, in der Neuen Stra\u00dfe 2, wird ebenfalls gefeiert. DJ Miguel legt Pop-Musik, Dance, Hip-Hop und Clubsounds aus den Jahren 1990 bis 2010 auf. Mit der Applikation des Veranstalters ist der Eintritt die ganze Nacht lang kostenlos; ohne Applikation sind f\u00fcnf Euro zu zahlen. Es wird ein Erscheinen in gepflegter Kleidung gew\u00fcnscht.<\/p>\n","protected":false},"excerpt":{"rendered":"<div class=\"mh-excerpt\"><p>Von 10 Uhr bis 17 Uhr l\u00e4dt die Stadt- und Regionalbibliothek zum weihnachtlichen Markttreiben ein. Der Weihnachtsmarkt am au\u00dfergew\u00f6hnlichen Ort hat Tradition; er findet zum vierzehnten Mal statt. Es bietet sich die Gelegenheit, den Bibliotheksbesuch <a class=\"mh-excerpt-more\" href=\"https:\/\/www.studiogera.de\/001\/2025\/11\/29\/veranstaltungen-am-samstag-122\/\" title=\"VERANSTALTUNGEN AM SAMSTAG\">[&#8230;]<\/a><\/p>\n<\/div>","protected":false},"author":2,"featured_media":40290,"comment_status":"open","ping_status":"open","sticky":false,"template":"","format":"standard","meta":{"footnotes":""},"categories":[16],"tags":[],"class_list":{"0":"post-40289","1":"post","2":"type-post","3":"status-publish","4":"format-standard","5":"has-post-thumbnail","7":"category-kurzmitteilungen"},"_links":{"self":[{"href":"https:\/\/www.studiogera.de\/001\/wp-json\/wp\/v2\/posts\/40289","targetHints":{"allow":["GET"]}}],"collection":[{"href":"https:\/\/www.studiogera.de\/001\/wp-json\/wp\/v2\/posts"}],"about":[{"href":"https:\/\/www.studiogera.de\/001\/wp-json\/wp\/v2\/types\/post"}],"author":[{"embeddable":true,"href":"https:\/\/www.studiogera.de\/001\/wp-json\/wp\/v2\/users\/2"}],"replies":[{"embeddable":true,"href":"https:\/\/www.studiogera.de\/001\/wp-json\/wp\/v2\/comments?post=40289"}],"version-history":[{"count":2,"href":"https:\/\/www.studiogera.de\/001\/wp-json\/wp\/v2\/posts\/40289\/revisions"}],"predecessor-version":[{"id":40293,"href":"https:\/\/www.studiogera.de\/001\/wp-json\/wp\/v2\/posts\/40289\/revisions\/40293"}],"wp:featuredmedia":[{"embeddable":true,"href":"https:\/\/www.studiogera.de\/001\/wp-json\/wp\/v2\/media\/40290"}],"wp:attachment":[{"href":"https:\/\/www.studiogera.de\/001\/wp-json\/wp\/v2\/media?parent=40289"}],"wp:term":[{"taxonomy":"category","embeddable":true,"href":"https:\/\/www.studiogera.de\/001\/wp-json\/wp\/v2\/categories?post=40289"},{"taxonomy":"post_tag","embeddable":true,"href":"https:\/\/www.studiogera.de\/001\/wp-json\/wp\/v2\/tags?post=40289"}],"curies":[{"name":"wp","href":"https:\/\/api.w.org\/{rel}","templated":true}]}}