{"id":40294,"date":"2025-11-30T00:32:19","date_gmt":"2025-11-29T23:32:19","guid":{"rendered":"https:\/\/www.studiogera.de\/001\/?p=40294"},"modified":"2025-11-30T00:32:20","modified_gmt":"2025-11-29T23:32:20","slug":"veranstaltungen-am-i-advent","status":"publish","type":"post","link":"https:\/\/www.studiogera.de\/001\/2025\/11\/30\/veranstaltungen-am-i-advent\/","title":{"rendered":"VERANSTALTUNGEN AM I. ADVENT"},"content":{"rendered":"\n<p>In St. Margarethen beginnt um 9 Uhr die Adventsandacht, in St. Johannis um 10 Uhr der Gottesdienst zum I. Advent. In St. Elisabeth wird die Heilige Messe um 10.30 Uhr er\u00f6ffnet.<\/p>\n\n\n\n<p>Die G\u00e4stef\u00fchrer der Stadt Gera unternehmen auf vielfachem Wunsch von 7 Uhr bis 20 Uhr eine Fahrt nach Quedlinburg. Der Bus f\u00e4hrt um 7 Uhr vom Steig R in der Heinrichstra\u00dfe ab.<\/p>\n\n\n\n<p>Von 10 Uhr bis 13 Uhr findet im Stadtwald bei Ernsee anl\u00e4sslich des Klimawandels eine \u00f6ffentliche Baumpflanzung der Schutzgemeinschaft Deutscher Wald statt. <\/p>\n\n\n\n<p>Heute hat der Weihnachtsmarkt von 11 Uhr bis 20 Uhr ge\u00f6ffnet. Ab 14 Uhr lassen Laura und Wilfried Mengs ihre Weihnachtslieder erklingen. Um 16 Uhr erscheint der Weihnachtsmann. Es folgt um 18 Uhr die Musikgruppe \u201eBlackbird\u201c.<\/p>\n\n\n\n<p>\u201eDer alte Sack, der bring\u2019s nicht mehr\u201c hei\u00dft das weihnachtliche St\u00fcck des Fettn\u00e4ppchens mit den Kabarettisten Sara Zimmermann und Sascha Kiesewetter. Aufgef\u00fchrt wird es von 14 Uhr bis 16.15 Uhr im Rathauskeller.<\/p>\n\n\n\n<p>Von 20 Uhr bis 21.30 Uhr geht der Nachtw\u00e4chter mit seiner Laterne durch die Altstadt. Er f\u00fchrt die Teilnehmer des Rundgangs zu historischen Pl\u00e4tzen und wei\u00df Spannendes und Schauriges \u00fcber die Geraer Bewohner, ihr Leben und ihre Herrscher zu berichten. Treffpunkt ist die Stra\u00dfenbahnhaltestelle \u201eSorge\/Markt\u201d um 20 Uhr.<\/p>\n","protected":false},"excerpt":{"rendered":"<div class=\"mh-excerpt\"><p>In St. Margarethen beginnt um 9 Uhr die Adventsandacht, in St. Johannis um 10 Uhr der Gottesdienst zum I. Advent. In St. Elisabeth wird die Heilige Messe um 10.30 Uhr er\u00f6ffnet. Die G\u00e4stef\u00fchrer der Stadt <a class=\"mh-excerpt-more\" href=\"https:\/\/www.studiogera.de\/001\/2025\/11\/30\/veranstaltungen-am-i-advent\/\" title=\"VERANSTALTUNGEN AM I. ADVENT\">[&#8230;]<\/a><\/p>\n<\/div>","protected":false},"author":3,"featured_media":22596,"comment_status":"open","ping_status":"open","sticky":false,"template":"","format":"standard","meta":{"footnotes":""},"categories":[16],"tags":[],"class_list":{"0":"post-40294","1":"post","2":"type-post","3":"status-publish","4":"format-standard","5":"has-post-thumbnail","7":"category-kurzmitteilungen"},"_links":{"self":[{"href":"https:\/\/www.studiogera.de\/001\/wp-json\/wp\/v2\/posts\/40294","targetHints":{"allow":["GET"]}}],"collection":[{"href":"https:\/\/www.studiogera.de\/001\/wp-json\/wp\/v2\/posts"}],"about":[{"href":"https:\/\/www.studiogera.de\/001\/wp-json\/wp\/v2\/types\/post"}],"author":[{"embeddable":true,"href":"https:\/\/www.studiogera.de\/001\/wp-json\/wp\/v2\/users\/3"}],"replies":[{"embeddable":true,"href":"https:\/\/www.studiogera.de\/001\/wp-json\/wp\/v2\/comments?post=40294"}],"version-history":[{"count":1,"href":"https:\/\/www.studiogera.de\/001\/wp-json\/wp\/v2\/posts\/40294\/revisions"}],"predecessor-version":[{"id":40295,"href":"https:\/\/www.studiogera.de\/001\/wp-json\/wp\/v2\/posts\/40294\/revisions\/40295"}],"wp:featuredmedia":[{"embeddable":true,"href":"https:\/\/www.studiogera.de\/001\/wp-json\/wp\/v2\/media\/22596"}],"wp:attachment":[{"href":"https:\/\/www.studiogera.de\/001\/wp-json\/wp\/v2\/media?parent=40294"}],"wp:term":[{"taxonomy":"category","embeddable":true,"href":"https:\/\/www.studiogera.de\/001\/wp-json\/wp\/v2\/categories?post=40294"},{"taxonomy":"post_tag","embeddable":true,"href":"https:\/\/www.studiogera.de\/001\/wp-json\/wp\/v2\/tags?post=40294"}],"curies":[{"name":"wp","href":"https:\/\/api.w.org\/{rel}","templated":true}]}}