{"id":40296,"date":"2025-11-30T11:42:51","date_gmt":"2025-11-30T10:42:51","guid":{"rendered":"https:\/\/www.studiogera.de\/001\/?p=40296"},"modified":"2025-11-30T11:42:52","modified_gmt":"2025-11-30T10:42:52","slug":"fahrzeug-in-weida-zerstoert","status":"publish","type":"post","link":"https:\/\/www.studiogera.de\/001\/2025\/11\/30\/fahrzeug-in-weida-zerstoert\/","title":{"rendered":"FAHRZEUG IN WEIDA ZERST\u00d6RT"},"content":{"rendered":"\n<p>Unbekannte zerst\u00f6rten in Weida das in der Quellenstra\u00dfe auf H\u00f6he des Parkplatzes abgestellte Fahrzeug eines 22-J\u00e4hrigen. Sie schlugen im Zeitraum vom 24. bis 29. November 2025 die Front- und Heckscheibe ein, zerstachen alle Reifen, schlugen eine Delle in die T\u00fcr des Fahrzeugs und zerkratzten den Lack. Hinweise auf einen Verursacher gibt es nicht. Zeugen des Vorfalls werden gebeten, sich bei der Greizer Polizei zu melden oder den Kontaktbereichsbeamten von Weida zu informieren.<\/p>\n","protected":false},"excerpt":{"rendered":"<div class=\"mh-excerpt\"><p>Unbekannte zerst\u00f6rten in Weida das in der Quellenstra\u00dfe auf H\u00f6he des Parkplatzes abgestellte Fahrzeug eines 22-J\u00e4hrigen. Sie schlugen im Zeitraum vom 24. bis 29. November 2025 die Front- und Heckscheibe ein, zerstachen alle Reifen, schlugen <a class=\"mh-excerpt-more\" href=\"https:\/\/www.studiogera.de\/001\/2025\/11\/30\/fahrzeug-in-weida-zerstoert\/\" title=\"FAHRZEUG IN WEIDA ZERST\u00d6RT\">[&#8230;]<\/a><\/p>\n<\/div>","protected":false},"author":2,"featured_media":9353,"comment_status":"open","ping_status":"open","sticky":false,"template":"","format":"standard","meta":{"footnotes":""},"categories":[13],"tags":[],"class_list":{"0":"post-40296","1":"post","2":"type-post","3":"status-publish","4":"format-standard","5":"has-post-thumbnail","7":"category-polizeiberichte"},"_links":{"self":[{"href":"https:\/\/www.studiogera.de\/001\/wp-json\/wp\/v2\/posts\/40296","targetHints":{"allow":["GET"]}}],"collection":[{"href":"https:\/\/www.studiogera.de\/001\/wp-json\/wp\/v2\/posts"}],"about":[{"href":"https:\/\/www.studiogera.de\/001\/wp-json\/wp\/v2\/types\/post"}],"author":[{"embeddable":true,"href":"https:\/\/www.studiogera.de\/001\/wp-json\/wp\/v2\/users\/2"}],"replies":[{"embeddable":true,"href":"https:\/\/www.studiogera.de\/001\/wp-json\/wp\/v2\/comments?post=40296"}],"version-history":[{"count":1,"href":"https:\/\/www.studiogera.de\/001\/wp-json\/wp\/v2\/posts\/40296\/revisions"}],"predecessor-version":[{"id":40297,"href":"https:\/\/www.studiogera.de\/001\/wp-json\/wp\/v2\/posts\/40296\/revisions\/40297"}],"wp:featuredmedia":[{"embeddable":true,"href":"https:\/\/www.studiogera.de\/001\/wp-json\/wp\/v2\/media\/9353"}],"wp:attachment":[{"href":"https:\/\/www.studiogera.de\/001\/wp-json\/wp\/v2\/media?parent=40296"}],"wp:term":[{"taxonomy":"category","embeddable":true,"href":"https:\/\/www.studiogera.de\/001\/wp-json\/wp\/v2\/categories?post=40296"},{"taxonomy":"post_tag","embeddable":true,"href":"https:\/\/www.studiogera.de\/001\/wp-json\/wp\/v2\/tags?post=40296"}],"curies":[{"name":"wp","href":"https:\/\/api.w.org\/{rel}","templated":true}]}}