{"id":40298,"date":"2025-11-30T11:51:18","date_gmt":"2025-11-30T10:51:18","guid":{"rendered":"https:\/\/www.studiogera.de\/001\/?p=40298"},"modified":"2025-11-30T11:51:19","modified_gmt":"2025-11-30T10:51:19","slug":"alkoholisierter-fahrzeugfuehrer-in-zwoetzen","status":"publish","type":"post","link":"https:\/\/www.studiogera.de\/001\/2025\/11\/30\/alkoholisierter-fahrzeugfuehrer-in-zwoetzen\/","title":{"rendered":"ALKOHOLISIERTER FAHRZEUGF\u00dcHRER IN ZW\u00d6TZEN"},"content":{"rendered":"\n<p>In den ersten Stunden des 29. November 2025 fiel den Beamten ein 22-j\u00e4hriger Fahrzeugf\u00fchrer im Ortsteil Zw\u00f6tzen auf. Im Rahmen der alsdann durchgef\u00fchrten Verkehrskontrolle best\u00e4tigte sich auch der Verdacht auf Alkoholkonsum beim Fahrer. Mit 0,84 pro mille stand dieser deutlich unter Alkoholbeeinflussung. F\u00fcr den Fahrer endete die Fahrt in Zw\u00f6tzen. Er musste seinen Weg zu Fu\u00df fortsetzen. Nun kommen auf diesen ein F\u00fchrerscheinentzug sowie ein hohes dreistelliges Bu\u00dfgeld zu.<\/p>\n","protected":false},"excerpt":{"rendered":"<div class=\"mh-excerpt\"><p>In den ersten Stunden des 29. November 2025 fiel den Beamten ein 22-j\u00e4hriger Fahrzeugf\u00fchrer im Ortsteil Zw\u00f6tzen auf. Im Rahmen der alsdann durchgef\u00fchrten Verkehrskontrolle best\u00e4tigte sich auch der Verdacht auf Alkoholkonsum beim Fahrer. Mit 0,84 <a class=\"mh-excerpt-more\" href=\"https:\/\/www.studiogera.de\/001\/2025\/11\/30\/alkoholisierter-fahrzeugfuehrer-in-zwoetzen\/\" title=\"ALKOHOLISIERTER FAHRZEUGF\u00dcHRER IN ZW\u00d6TZEN\">[&#8230;]<\/a><\/p>\n<\/div>","protected":false},"author":2,"featured_media":22581,"comment_status":"open","ping_status":"open","sticky":false,"template":"","format":"standard","meta":{"footnotes":""},"categories":[13],"tags":[],"class_list":{"0":"post-40298","1":"post","2":"type-post","3":"status-publish","4":"format-standard","5":"has-post-thumbnail","7":"category-polizeiberichte"},"_links":{"self":[{"href":"https:\/\/www.studiogera.de\/001\/wp-json\/wp\/v2\/posts\/40298","targetHints":{"allow":["GET"]}}],"collection":[{"href":"https:\/\/www.studiogera.de\/001\/wp-json\/wp\/v2\/posts"}],"about":[{"href":"https:\/\/www.studiogera.de\/001\/wp-json\/wp\/v2\/types\/post"}],"author":[{"embeddable":true,"href":"https:\/\/www.studiogera.de\/001\/wp-json\/wp\/v2\/users\/2"}],"replies":[{"embeddable":true,"href":"https:\/\/www.studiogera.de\/001\/wp-json\/wp\/v2\/comments?post=40298"}],"version-history":[{"count":1,"href":"https:\/\/www.studiogera.de\/001\/wp-json\/wp\/v2\/posts\/40298\/revisions"}],"predecessor-version":[{"id":40299,"href":"https:\/\/www.studiogera.de\/001\/wp-json\/wp\/v2\/posts\/40298\/revisions\/40299"}],"wp:featuredmedia":[{"embeddable":true,"href":"https:\/\/www.studiogera.de\/001\/wp-json\/wp\/v2\/media\/22581"}],"wp:attachment":[{"href":"https:\/\/www.studiogera.de\/001\/wp-json\/wp\/v2\/media?parent=40298"}],"wp:term":[{"taxonomy":"category","embeddable":true,"href":"https:\/\/www.studiogera.de\/001\/wp-json\/wp\/v2\/categories?post=40298"},{"taxonomy":"post_tag","embeddable":true,"href":"https:\/\/www.studiogera.de\/001\/wp-json\/wp\/v2\/tags?post=40298"}],"curies":[{"name":"wp","href":"https:\/\/api.w.org\/{rel}","templated":true}]}}