{"id":40306,"date":"2025-12-01T09:31:56","date_gmt":"2025-12-01T08:31:56","guid":{"rendered":"https:\/\/www.studiogera.de\/001\/?p=40306"},"modified":"2025-12-01T09:31:58","modified_gmt":"2025-12-01T08:31:58","slug":"koerperverletzung-am-puschkinplatz","status":"publish","type":"post","link":"https:\/\/www.studiogera.de\/001\/2025\/12\/01\/koerperverletzung-am-puschkinplatz\/","title":{"rendered":"K\u00d6RPERVERLETZUNG AM PUSCHKINPLATZ"},"content":{"rendered":"\n<p>Am 30. November 2025 kam es nachts gegen 1.18 Uhr in einem Lokal am Puschkinplatz zu einer k\u00f6rperlichen Auseinandersetzung zwischen einem Sicherheitsmitarbeiter und einem bislang unbekannten Lokalbesucher. Der Sicherheitsmitarbeiter wurde hierbei unter anderem mehrmals geschlagen und dadurch leicht verletzt. Der T\u00e4ter fl\u00fcchtete anschlie\u00dfend mit seinen Begleitern in unbekannte Richtung. Die Polizei hat ein entsprechendes Ermittlungsverfahren eingeleitet. Zeugenhinweise nimmt die Kriminalpolizei unter der Rufnummer +4936582341465 entgegen.<\/p>\n","protected":false},"excerpt":{"rendered":"<div class=\"mh-excerpt\"><p>Am 30. November 2025 kam es nachts gegen 1.18 Uhr in einem Lokal am Puschkinplatz zu einer k\u00f6rperlichen Auseinandersetzung zwischen einem Sicherheitsmitarbeiter und einem bislang unbekannten Lokalbesucher. Der Sicherheitsmitarbeiter wurde hierbei unter anderem mehrmals geschlagen <a class=\"mh-excerpt-more\" href=\"https:\/\/www.studiogera.de\/001\/2025\/12\/01\/koerperverletzung-am-puschkinplatz\/\" title=\"K\u00d6RPERVERLETZUNG AM PUSCHKINPLATZ\">[&#8230;]<\/a><\/p>\n<\/div>","protected":false},"author":2,"featured_media":9351,"comment_status":"open","ping_status":"open","sticky":false,"template":"","format":"standard","meta":{"footnotes":""},"categories":[13],"tags":[],"class_list":{"0":"post-40306","1":"post","2":"type-post","3":"status-publish","4":"format-standard","5":"has-post-thumbnail","7":"category-polizeiberichte"},"_links":{"self":[{"href":"https:\/\/www.studiogera.de\/001\/wp-json\/wp\/v2\/posts\/40306","targetHints":{"allow":["GET"]}}],"collection":[{"href":"https:\/\/www.studiogera.de\/001\/wp-json\/wp\/v2\/posts"}],"about":[{"href":"https:\/\/www.studiogera.de\/001\/wp-json\/wp\/v2\/types\/post"}],"author":[{"embeddable":true,"href":"https:\/\/www.studiogera.de\/001\/wp-json\/wp\/v2\/users\/2"}],"replies":[{"embeddable":true,"href":"https:\/\/www.studiogera.de\/001\/wp-json\/wp\/v2\/comments?post=40306"}],"version-history":[{"count":1,"href":"https:\/\/www.studiogera.de\/001\/wp-json\/wp\/v2\/posts\/40306\/revisions"}],"predecessor-version":[{"id":40307,"href":"https:\/\/www.studiogera.de\/001\/wp-json\/wp\/v2\/posts\/40306\/revisions\/40307"}],"wp:featuredmedia":[{"embeddable":true,"href":"https:\/\/www.studiogera.de\/001\/wp-json\/wp\/v2\/media\/9351"}],"wp:attachment":[{"href":"https:\/\/www.studiogera.de\/001\/wp-json\/wp\/v2\/media?parent=40306"}],"wp:term":[{"taxonomy":"category","embeddable":true,"href":"https:\/\/www.studiogera.de\/001\/wp-json\/wp\/v2\/categories?post=40306"},{"taxonomy":"post_tag","embeddable":true,"href":"https:\/\/www.studiogera.de\/001\/wp-json\/wp\/v2\/tags?post=40306"}],"curies":[{"name":"wp","href":"https:\/\/api.w.org\/{rel}","templated":true}]}}