{"id":40308,"date":"2025-12-01T09:33:55","date_gmt":"2025-12-01T08:33:55","guid":{"rendered":"https:\/\/www.studiogera.de\/001\/?p=40308"},"modified":"2025-12-01T09:33:57","modified_gmt":"2025-12-01T08:33:57","slug":"vu-in-der-gessentalstrasse","status":"publish","type":"post","link":"https:\/\/www.studiogera.de\/001\/2025\/12\/01\/vu-in-der-gessentalstrasse\/","title":{"rendered":"VU IN DER GESSENTALSTRASSE"},"content":{"rendered":"\n<p>Am 30. November 2025 kollidierten in der Gessentalstra\u00dfe gegen 15.50 Uhr zwei Fahrzeuge frontal miteinander. Ein 75-j\u00e4hriger Fahrer befuhr die Gessentalstra\u00dfe in Richtung Reichsstra\u00dfe und missachtete ersten Erkenntnissen zufolge die Vorfahrt einer 86-j\u00e4hrigen Fahrerin. Durch den Zusammenprall wurde die 86-J\u00e4hrige schwer verletzt in ein naheliegender Krankenhaus verbracht. Der Unfallverursacher wurde leicht verletzt. An beiden Fahrzeugen entstand erheblicher Schaden im niedrigen f\u00fcnfstelligen Bereich. Die Polizei ermittelt weiterhin zum Unfall.<\/p>\n","protected":false},"excerpt":{"rendered":"<div class=\"mh-excerpt\"><p>Am 30. November 2025 kollidierten in der Gessentalstra\u00dfe gegen 15.50 Uhr zwei Fahrzeuge frontal miteinander. Ein 75-j\u00e4hriger Fahrer befuhr die Gessentalstra\u00dfe in Richtung Reichsstra\u00dfe und missachtete ersten Erkenntnissen zufolge die Vorfahrt einer 86-j\u00e4hrigen Fahrerin. Durch <a class=\"mh-excerpt-more\" href=\"https:\/\/www.studiogera.de\/001\/2025\/12\/01\/vu-in-der-gessentalstrasse\/\" title=\"VU IN DER GESSENTALSTRASSE\">[&#8230;]<\/a><\/p>\n<\/div>","protected":false},"author":2,"featured_media":9353,"comment_status":"open","ping_status":"open","sticky":false,"template":"","format":"standard","meta":{"footnotes":""},"categories":[13],"tags":[],"class_list":{"0":"post-40308","1":"post","2":"type-post","3":"status-publish","4":"format-standard","5":"has-post-thumbnail","7":"category-polizeiberichte"},"_links":{"self":[{"href":"https:\/\/www.studiogera.de\/001\/wp-json\/wp\/v2\/posts\/40308","targetHints":{"allow":["GET"]}}],"collection":[{"href":"https:\/\/www.studiogera.de\/001\/wp-json\/wp\/v2\/posts"}],"about":[{"href":"https:\/\/www.studiogera.de\/001\/wp-json\/wp\/v2\/types\/post"}],"author":[{"embeddable":true,"href":"https:\/\/www.studiogera.de\/001\/wp-json\/wp\/v2\/users\/2"}],"replies":[{"embeddable":true,"href":"https:\/\/www.studiogera.de\/001\/wp-json\/wp\/v2\/comments?post=40308"}],"version-history":[{"count":1,"href":"https:\/\/www.studiogera.de\/001\/wp-json\/wp\/v2\/posts\/40308\/revisions"}],"predecessor-version":[{"id":40309,"href":"https:\/\/www.studiogera.de\/001\/wp-json\/wp\/v2\/posts\/40308\/revisions\/40309"}],"wp:featuredmedia":[{"embeddable":true,"href":"https:\/\/www.studiogera.de\/001\/wp-json\/wp\/v2\/media\/9353"}],"wp:attachment":[{"href":"https:\/\/www.studiogera.de\/001\/wp-json\/wp\/v2\/media?parent=40308"}],"wp:term":[{"taxonomy":"category","embeddable":true,"href":"https:\/\/www.studiogera.de\/001\/wp-json\/wp\/v2\/categories?post=40308"},{"taxonomy":"post_tag","embeddable":true,"href":"https:\/\/www.studiogera.de\/001\/wp-json\/wp\/v2\/tags?post=40308"}],"curies":[{"name":"wp","href":"https:\/\/api.w.org\/{rel}","templated":true}]}}