{"id":40310,"date":"2025-12-01T09:35:23","date_gmt":"2025-12-01T08:35:23","guid":{"rendered":"https:\/\/www.studiogera.de\/001\/?p=40310"},"modified":"2025-12-01T09:35:24","modified_gmt":"2025-12-01T08:35:24","slug":"unfallflucht-in-der-clara-zetkin-strasse","status":"publish","type":"post","link":"https:\/\/www.studiogera.de\/001\/2025\/12\/01\/unfallflucht-in-der-clara-zetkin-strasse\/","title":{"rendered":"UNFALLFLUCHT IN DER CLARA-ZETKIN-STRASSE"},"content":{"rendered":"\n<p>Am 29. November 2025 kollidierte ein 24-j\u00e4hriger Autofahrer gegen 15.20 Uhr in der Clara-Zetkin-Stra\u00dfe mit einem Verkehrszeichen, nachdem er einem abbremsenden Fahrzeug ausweichen musste. Der Fahrer entfernte sich anschlie\u00dfend pflichtwidrig vom Unfallort, konnte jedoch im Nachgang durch die Polizei ermittelt werden. Ein vorl\u00e4ufiger Drogentest deutete auf Bet\u00e4ubungsmittelkonsum hin. Ob der Fahrer bereits zur Fahrt Drogen konsumiert hatte, ist derzeit noch Gegenstand der Ermittlungen.<\/p>\n","protected":false},"excerpt":{"rendered":"<div class=\"mh-excerpt\"><p>Am 29. November 2025 kollidierte ein 24-j\u00e4hriger Autofahrer gegen 15.20 Uhr in der Clara-Zetkin-Stra\u00dfe mit einem Verkehrszeichen, nachdem er einem abbremsenden Fahrzeug ausweichen musste. Der Fahrer entfernte sich anschlie\u00dfend pflichtwidrig vom Unfallort, konnte jedoch im <a class=\"mh-excerpt-more\" href=\"https:\/\/www.studiogera.de\/001\/2025\/12\/01\/unfallflucht-in-der-clara-zetkin-strasse\/\" title=\"UNFALLFLUCHT IN DER CLARA-ZETKIN-STRASSE\">[&#8230;]<\/a><\/p>\n<\/div>","protected":false},"author":2,"featured_media":9357,"comment_status":"open","ping_status":"open","sticky":false,"template":"","format":"standard","meta":{"footnotes":""},"categories":[13],"tags":[],"class_list":{"0":"post-40310","1":"post","2":"type-post","3":"status-publish","4":"format-standard","5":"has-post-thumbnail","7":"category-polizeiberichte"},"_links":{"self":[{"href":"https:\/\/www.studiogera.de\/001\/wp-json\/wp\/v2\/posts\/40310","targetHints":{"allow":["GET"]}}],"collection":[{"href":"https:\/\/www.studiogera.de\/001\/wp-json\/wp\/v2\/posts"}],"about":[{"href":"https:\/\/www.studiogera.de\/001\/wp-json\/wp\/v2\/types\/post"}],"author":[{"embeddable":true,"href":"https:\/\/www.studiogera.de\/001\/wp-json\/wp\/v2\/users\/2"}],"replies":[{"embeddable":true,"href":"https:\/\/www.studiogera.de\/001\/wp-json\/wp\/v2\/comments?post=40310"}],"version-history":[{"count":1,"href":"https:\/\/www.studiogera.de\/001\/wp-json\/wp\/v2\/posts\/40310\/revisions"}],"predecessor-version":[{"id":40311,"href":"https:\/\/www.studiogera.de\/001\/wp-json\/wp\/v2\/posts\/40310\/revisions\/40311"}],"wp:featuredmedia":[{"embeddable":true,"href":"https:\/\/www.studiogera.de\/001\/wp-json\/wp\/v2\/media\/9357"}],"wp:attachment":[{"href":"https:\/\/www.studiogera.de\/001\/wp-json\/wp\/v2\/media?parent=40310"}],"wp:term":[{"taxonomy":"category","embeddable":true,"href":"https:\/\/www.studiogera.de\/001\/wp-json\/wp\/v2\/categories?post=40310"},{"taxonomy":"post_tag","embeddable":true,"href":"https:\/\/www.studiogera.de\/001\/wp-json\/wp\/v2\/tags?post=40310"}],"curies":[{"name":"wp","href":"https:\/\/api.w.org\/{rel}","templated":true}]}}