{"id":40329,"date":"2025-12-03T02:55:10","date_gmt":"2025-12-03T01:55:10","guid":{"rendered":"https:\/\/www.studiogera.de\/001\/?p=40329"},"modified":"2025-12-03T02:55:11","modified_gmt":"2025-12-03T01:55:11","slug":"grosse-feuerwehrbefahrung-am-3-dezember-2025","status":"publish","type":"post","link":"https:\/\/www.studiogera.de\/001\/2025\/12\/03\/grosse-feuerwehrbefahrung-am-3-dezember-2025\/","title":{"rendered":"GROSSE FEUERWEHRBEFAHRUNG AM 3. DEZEMBER 2025"},"content":{"rendered":"\n<p>Im Einsatz z\u00e4hlen oft Sekunden. Falsch geparkte Fahrzeuge oder verengte Stra\u00dfen k\u00f6nnen dann dramatische Folgen haben. Gemeinsam mit dem Ordnungsamt der Stadt Gera plant die Feuerwehr daher eine Feuerwehrbefahrung. Dabei werden mit einem Gro\u00dffahrzeug der Feuerwehr, konkret der Drehleiter der FF Gera-Mitte, gezielt neuralgische Punkte im Stadtgebiet angefahren, um unter realistischen Bedingungen zu pr\u00fcfen, ob Einsatzfahrzeuge Kreuzungsbereiche, Feuerwehrzufahrten und enge Stra\u00dfenz\u00fcge tats\u00e4chlich sicher und ohne Verz\u00f6gerung passieren k\u00f6nnen. Ziel dieser Befahrung ist es, Problemstellen zu erkennen, zu bewerten und darauf aufbauend Ma\u00dfnahmen zur Verbesserung der Rettungswege anzusto\u00dfen.<\/p>\n\n\n\n<p>Die Befahrung ist f\u00fcr den 3. Dezember 2025 ab 17 Uhr, mit einem Zeitansatz von rund zwei Stunden vorgesehen. Seitens der Feuerwehr ist geplant, die Befahrung unter Einsatz der Drehleiter der FF Gera-Mitte, des Kommandowagens (KdoW) des C-Dienstes sowie mit Beteiligung des Pressesprechers der Feuerwehr Gera durchzuf\u00fchren. Die Schwerpunkte sollen im Ostviertel, in Untermhaus und, sofern es der Zeitrahmen zul\u00e4sst, in Lusan liegen.<\/p>\n\n\n\n<p>Eine vergleichbare Aktion wurde bereits im Jahr 2019 gemeinsam mit dem Ordnungsamt erfolgreich und medienwirksam umgesetzt. Auch diesmal steht die Aufkl\u00e4rung und Sensibilisierung der Bev\u00f6lkerung im Vordergrund: B\u00fcrgerinnen und B\u00fcrger sollen eindr\u00fccklich daf\u00fcr gewonnen werden, Kreuzungsbereiche, Feuerwehrzufahrten und Rettungswege konsequent freizuhalten, damit Einsatzkr\u00e4fte im Notfall schnell und ohne Verz\u00f6gerung helfen k\u00f6nnen.<\/p>\n","protected":false},"excerpt":{"rendered":"<div class=\"mh-excerpt\"><p>Im Einsatz z\u00e4hlen oft Sekunden. Falsch geparkte Fahrzeuge oder verengte Stra\u00dfen k\u00f6nnen dann dramatische Folgen haben. Gemeinsam mit dem Ordnungsamt der Stadt Gera plant die Feuerwehr daher eine Feuerwehrbefahrung. Dabei werden mit einem Gro\u00dffahrzeug der <a class=\"mh-excerpt-more\" href=\"https:\/\/www.studiogera.de\/001\/2025\/12\/03\/grosse-feuerwehrbefahrung-am-3-dezember-2025\/\" title=\"GROSSE FEUERWEHRBEFAHRUNG AM 3. DEZEMBER 2025\">[&#8230;]<\/a><\/p>\n<\/div>","protected":false},"author":2,"featured_media":11738,"comment_status":"open","ping_status":"open","sticky":false,"template":"","format":"standard","meta":{"footnotes":""},"categories":[13],"tags":[],"class_list":{"0":"post-40329","1":"post","2":"type-post","3":"status-publish","4":"format-standard","5":"has-post-thumbnail","7":"category-polizeiberichte"},"_links":{"self":[{"href":"https:\/\/www.studiogera.de\/001\/wp-json\/wp\/v2\/posts\/40329","targetHints":{"allow":["GET"]}}],"collection":[{"href":"https:\/\/www.studiogera.de\/001\/wp-json\/wp\/v2\/posts"}],"about":[{"href":"https:\/\/www.studiogera.de\/001\/wp-json\/wp\/v2\/types\/post"}],"author":[{"embeddable":true,"href":"https:\/\/www.studiogera.de\/001\/wp-json\/wp\/v2\/users\/2"}],"replies":[{"embeddable":true,"href":"https:\/\/www.studiogera.de\/001\/wp-json\/wp\/v2\/comments?post=40329"}],"version-history":[{"count":1,"href":"https:\/\/www.studiogera.de\/001\/wp-json\/wp\/v2\/posts\/40329\/revisions"}],"predecessor-version":[{"id":40330,"href":"https:\/\/www.studiogera.de\/001\/wp-json\/wp\/v2\/posts\/40329\/revisions\/40330"}],"wp:featuredmedia":[{"embeddable":true,"href":"https:\/\/www.studiogera.de\/001\/wp-json\/wp\/v2\/media\/11738"}],"wp:attachment":[{"href":"https:\/\/www.studiogera.de\/001\/wp-json\/wp\/v2\/media?parent=40329"}],"wp:term":[{"taxonomy":"category","embeddable":true,"href":"https:\/\/www.studiogera.de\/001\/wp-json\/wp\/v2\/categories?post=40329"},{"taxonomy":"post_tag","embeddable":true,"href":"https:\/\/www.studiogera.de\/001\/wp-json\/wp\/v2\/tags?post=40329"}],"curies":[{"name":"wp","href":"https:\/\/api.w.org\/{rel}","templated":true}]}}