{"id":4034,"date":"2018-06-07T22:31:06","date_gmt":"2018-06-07T20:31:06","guid":{"rendered":"http:\/\/www.studiogera.de\/001\/?p=4034"},"modified":"2018-06-07T22:31:06","modified_gmt":"2018-06-07T20:31:06","slug":"meldungen-der-stadtverwaltung-16","status":"publish","type":"post","link":"https:\/\/www.studiogera.de\/001\/2018\/06\/07\/meldungen-der-stadtverwaltung-16\/","title":{"rendered":"MELDUNGEN DER STADTVERWALTUNG"},"content":{"rendered":"<p><strong>DEZERNAT SOZIALES<\/strong><\/p>\n<p>In einem neuen Empfangsbereich werden B\u00fcrger im Dienstgeb\u00e4ude Gagarinstra\u00dfe 99\/101 des Dezernats Soziales begr\u00fc\u00dft. Dort erhalten sie erste Ausk\u00fcnfte zu ihren Anliegen, k\u00f6nnen Antr\u00e4ge oder andere Unterlagen abholen oder abgeben und werden an den jeweiligen Fachbereich vermittelt. Gefragt sind besonders Antr\u00e4ge f\u00fcr Baf\u00f6g und Wohngeld, sagte Sabine B\u00fcches, die den Wartebereich betreut. Im Wartebereich ist auch eine Spielecke f\u00fcr Kinder integriert. Der Empfang ist montags bis donnerstags von 9 Uhr bis 17 Uhr und freitags von 9 Uhr bis 15 Uhr besetzt und unter der Rufnummer 0365 8383980 erreichbar. F\u00fcr physisch beeintr\u00e4chtige Personen steht im Eingangsbereich ein barrierefrei zug\u00e4nglicher Arbeitsplatz zur Verf\u00fcgung, an dem sie ihre Anliegen bearbeiten lassen k\u00f6nnen.<\/p>\n<hr \/>\n<p><strong>LERNEN IN DEN FERIEN<\/strong><\/p>\n<p>Ferien und Lernen \u2014 passt das zusammen? \u201eWarum nicht?\u201c, sagt Studienkreis-Leiterin Ramona Krumor. \u201eBeim Lernen muss es ja nicht immer um Formeln, Vokabeln und Grammatik gehen.\u201c Unter dem Motto \u201eWissen, Staunen und Erforschen\u201c hat der Studienkreis deshalb in Kooperation mit Magazin Schule eine Ideensammlung mit vielen Tipps zur klugen Feriengestaltung ver\u00f6ffentlicht. Das E-Paper steht unter www.studienkreis.de\/clevere-ferien zum kostenlosen Herunterladen f\u00fcr PC, Laptop, Smartphone und Tablet bereit.<br \/>\nEinen Familienstammbaum erstellen, den Nachthimmel erkunden, ein Musikinstrument bauen oder das Verhalten der Tiere im Zoo intensiv erkunden: Es gibt unz\u00e4hlige M\u00f6glichkeiten, seine Ferien kreativ, lehrreich und mit Freude am Entdecken zu verbringen. Viele Anregungen fasst das E-Paper \u00fcbersichtlich zusammen.<br \/>\nDie Vorfreude auf die Sommerferien w\u00e4re f\u00fcr einige Sch\u00fcler wohl noch gr\u00f6\u00dfer, wenn da nicht die Zeugnisse w\u00e4ren. Denn nicht immer sind sie Anlass zu ausgelassener Freude. Und so kann f\u00fcr manche Sch\u00fcler schulisches Lernen in den Ferien sinnvoll sein. Aber: \u201eAuch wer in den Ferien lernt, sollte die schulfreie Zeit vor allem zur Erholung nutzen,\u201c sagt Studienkreis-Leiterin Ramona Krumor. In den Ferienkursen des Studienkreises schlie\u00dfen die Kinder und Jugendlichen entspannt L\u00fccken, frischen in Ruhe Stoff auf und bereiten sich gemeinsam auf einen guten Start ins neue Schuljahr vor. Ramona Krumor: \u201eMit nur 36 Euro f\u00fcr zehn Unterrichtsstunden bedeuten die Ferienkurse f\u00fcr Eltern eine g\u00fcnstige und verl\u00e4ssliche F\u00f6rderung und Betreuung ihrer Kinder.\u201c<\/p>\n<p>Kontakt:<br \/>\n&#8211; Studienkreis Gera, Humboldtstra\u00dfe 17, 07545 Gera<br \/>\n&#8211; Telefon: 0365 53105<br \/>\n&#8211; Beratung: montags bis freitags von  13.30 Uhr bis 18.30 Uhr<br \/>\n&#8211; gera@studienkreis.de<br \/>\n&#8211; https:\/\/www.studienkreis.de\/nachhilfe-gera\/<br \/>\n&#8211; telefonische Erreichbarkeit montags bis sonntags 7 Uhr bis 22 Uhr<\/p>\n<hr \/>\n<p><strong>EXKURSION NACH NAUMBURG UND FREYBURG<\/strong><\/p>\n<p>Der Verein G\u00e4stef\u00fchrer Region Gera e. V. f\u00fchrt am Samstag, 18. August 2018 eine Busfahrt nach Naumburg und Freyburg mit einer zertifizierten G\u00e4stef\u00fchrerin durch.<br \/>\nNach einem Besuch der fast tausendj\u00e4hrigen Bischofs- und B\u00fcrgerstadt Naumburg geht die Fahrt weiter in die \u201eToskana des Nordens\u201c, nach Freyburg.<br \/>\nBei einem Rundgang in den Gew\u00f6lben der Winzervereinigung Freyburg\/Unstrut lernen Sie einen der sch\u00f6nsten Weinkeller Deutschlands kennen und nehmen au\u00dferdem an einer Sekt- und Weinprobe teil, bei der Sie sich von der Qualit\u00e4t und Vielfalt des Angebotes \u00fcberzeugen k\u00f6nnen.<br \/>\nAbfahrt ist um 9 Uhr am grauen Bahnsteig in der Heinrichstra\u00dfe. Gegen 18 Uhr k\u00f6nnen Sie an gleicher Stelle wieder aussteigen. Ganz herzlich wird um Anmeldung bis einschlie\u00dflich 11. August 2018 gebeten unter der Telefonnummer 0151\/41230118 (nach 18 Uhr) oder per E-Mail an karin.schumann@gmx.de.<\/p>\n<hr \/>\n<p><strong>F\u00dcHRUNG DURCH PARKS UND G\u00c4RTEN<\/strong><\/p>\n<p>Zu einer kleinen Exkursion durch den K\u00fcchengarten und \u00fcber den Hofwiesenpark l\u00e4dt der Verein G\u00e4stef\u00fchrer Region Gera e. V. am Sonntag, 17. Juni 2018 von 14 Uhr bis 15.30 Uhr ein.<br \/>\nMit einer zertifizierten G\u00e4stef\u00fchrerin schlendern Sie gem\u00fctlich von unserem wundersch\u00f6nen und traditionstr\u00e4chtigen Theater hinein in den K\u00fcchengarten, vorbei an der Orangerie und geschichtstr\u00e4chtigen Villen in unsere erholsame Oase, den Hofwiesenpark. Hierbei erfahren Sie Interessantes aus Vergangenheit und Gegenwart.<br \/>\nDie F\u00fchrung beginnt um 14 Uhr am Theaterplatz. Um Anmeldung unter der Telefonnummer 0151 41230118 (ab 18 Uhr) oder \u00fcber karin.schumann@gmx.de wird gebeten. Tickets k\u00f6nnen zu Beginn der F\u00fchrung erworben werden.<\/p>\n<hr \/>\n<p><strong>KUNSTWERK &#8222;LIED DES LEBENS&#8220;<\/strong><\/p>\n<p>Die florale Skulptur von Peter Makolis, die seit 2016 vor dem Kultur- und Kongresszentrum (KUK) einen Platz gefunden hat, kennen inzwischen viele Geraer. Dass aber der K\u00fcnstler Makolis mit Kunstwerken an der Reliefwand aus Kalkstein im KUK zu sehen ist, wissen vielleicht nur wenige. Jeder Besucher, der unterwegs ist in das Foyer oder in den Saal, l\u00e4uft an der imposanten Reliefwand \u201eLied des Lebens\u201c vorbei. Doch wenige wissen noch, wie diese Kunstwerke durch welche K\u00fcnstler geschaffen wurden. Es ist nun bereits vor 37 Jahren entstanden. Nehmen Sie sich einmal eine Stunde Zeit zur Betrachtung!<br \/>\nDazu l\u00e4dt der Verein G\u00e4stef\u00fchrer Region Gera am Sonnabend, 9. Juni 2018, ins KUK ein.<\/p>\n<p>&#8211; Treffpunkt: Eingang B in der Bachgasse \u00fcber der ADAC-Gesch\u00e4ftsstelle<br \/>\n&#8211; Beginn: 15 Uhr<\/p>\n<p>N\u00e4here Informationen sind unter der Rufnummer 0151 41230118 (ab 18 Uhr) oder \u00fcber karin.schumann@gmx.de erh\u00e4ltlich. Teilnahmekarten k\u00f6nnen zu Beginn der F\u00fchrung erworben werden.<\/p>\n<hr \/>\n<p><strong>BESUCH IN GERA<\/strong><\/p>\n<p>Liebe G\u00e4ste, insgesamt elf junge Leute, davon f\u00fcnf aus der polnischen Partnerstadt Skierniewice und sechs aus der Staatlichen Berufsbildenden Schule Wirtschaft und Verwaltung in Gera sowie die polnischen Betreuerinnen Sylwia Zi\u00f3\u0142czyk und Ilona Bronjarek begr\u00fc\u00dfte Sozialdezernentin Sandra Wanzar am 5. Juni im Rathaus. Sie sind vom 4. bis 10. Juni im Rahmen der deutsch-polnischen Partnerschaft im Europ\u00e4ischen Kultur-Erbejahr 2018 zu Besuch in der Stadt. Zum Programm geh\u00f6ren ein Blick vom Rathausturm, der Besuch im Stadtmuseum, eine Fahrt nach Berlin, ein Berufsbildungstag, Besuch der kulturhistorischen St\u00e4tten in Gera, Kennenlernen der Sport- und Freizeitangebote und eine Kanutour von Berga nach W\u00fcnschendorf.<\/p>\n<p>Gera und Skierniewice sind Partnerst\u00e4dte und k\u00f6nnen auf eine langj\u00e4hrige, erfolgreiche Partnerschaft in der internationalen Arbeit verweisen. Dazu geh\u00f6rten seit 1995 deutsch-polnische Projekte bzw. internationale Jugendprojekte. Bisher bestand die Kooperation mit der Berufsschule &#8222;Zespo\u0142u Szk\u00f3\u0142 Zawodowych Nr 1 im Marsza\u0142ka J\u00f3zefa Pi\u0142sudskiego&#8220; in Skierniewice. Seit 2012 gibt es wieder eine Kooperation mit der Stadtverwaltung Skierniewice im Jugendbereich. Eine erste Kooperation bestand in den Jahren 1995 bis 2000. Im vergangenen Jahr fand ein deutsch-polnischer Fachkr\u00e4fteaustausch in Polen statt. In diesem Jahr finden Jugendbegegnungen sowie ein Fachkr\u00e4fteaustausch jeweils in Gera und Skierniewice als Fortsetzung der Ma\u00dfnahmen von 2017 statt.<\/p>\n<p>Das Projekt wird von der Th\u00fcringer Staatskanzlei und dem Deutsch-Polnischen Jugendwerk gef\u00f6rdert.<\/p>\n<hr \/>\n<p><strong>VOLKSHOCHSCHULE<\/strong><\/p>\n<p>Der Kurs \u201eMit Pilates in den Sommer\u201c beginnt am Montag, den 11. Juni, 16.15 Uhr oder 17.30 Uhr, an der der Geraer Volkshochschule. Beratung und Anmeldung sind unter 0365 55259313 oder \u00fcber service@volkshochschule-gera.de m\u00f6glich. Unter www.volkshochschule-gera.de ist die Anmeldung ebenfalls m\u00f6glich.<\/p>\n<hr \/>\n<p><strong>TECHNOLOGIE- UND GR\u00dcNDERZENTRUM<\/strong><\/p>\n<p>Am Dienstag, den 19. Juni, findet 18 Uhr im Technologie- und Gr\u00fcnderzentrum Gera GmbH, Gewerbepark Kepplerstra\u00dfe 10\/12, 07549 Gera, ein einst\u00fcndiger Vortrag von Benjamin Stapfer, Mitarbeiter der Creditreform Bamberg-Coburg-Gera Titze KG, \u00fcber die Themen Bonit\u00e4t \u201eWarum ist die eigene Bonit\u00e4t so wichtig\u201c und Marketing \u201eLiquide Kunden gewinnen und wie man dabei Zeit spart\u201c statt. Des Weiteren berichtet Benjamin Stapfer aus der Praxis. Nach dem Vortrag k\u00f6nnen Sie sich mit anderen Unternehmern austauschen oder sich mit den Mitarbeitern der Creditreform \u00fcber diverse Themen unterhalten. Interessenten informieren das TGZ bis sp\u00e4testens Montag, 11 Juni, \u00fcber ihr Kommen bzw. mit wieviel Personen. Anmeldung senden Interessierte unkompliziert per Mail an sekretariat@tgz-gera.de mit dem Betreff \u201eVortrag im TGZ\u201c.<\/p>\n<hr \/>\n<p><strong>SPRECHZEIT DER POLIZEI<\/strong><\/p>\n<p>Der B\u00fcrgerbeamte der Polizei Gera, Polizeihauptmeister Thomas M\u00fcller, steht am Dienstag, den 12. Juni, von 10 Uhr bis 12 Uhr im Stadtteilb\u00fcro Bieblach, Schwarzburgstra\u00dfe 6, den Bieblacher B\u00fcrgern zur Verf\u00fcgung.<\/p>\n<hr \/>\n<p><strong>SOMMER-LESEAKTION<\/strong><\/p>\n<p>Die Geraer Kinderbibliothek bietet auch in diesem Jahr eine Sommerleseaktion an. B\u00fccher sind f\u00fcr viele unverzichtbare Begleiter, wenn es in die Ferien geht. Urlaub, Reise, Strand \u2013 bei gutem oder schlechtem Wetter \u2013 mit spannenden Geschichten hat Langeweile keine Chance. Jeder der Lust hat mitzumachen, erh\u00e4lt ein Leseheft. Sechs B\u00fccher nach freier Wahl sind vom 4. Juni bis 1. September zu lesen. Auf einem Stimmungsbarometer kann das Gelesene bewertet werden: von super cool bis total \u00e4tzend sind sechs Abstufungen m\u00f6glich. F\u00fcr jedes gelesene Buch gibt es dann einen B\u00fccherwurmaufkleber in das Leseheft. Alle Teilnehmer, die sechs B\u00fccherw\u00fcrmer gesammelt und ihr Heft in der Bibliothek abgegeben haben, haben die Chance B\u00fcchergutscheine im Wert von 15 Euro zu gewinnen.<\/p>\n<hr \/>\n<p><strong>AUSSTELLUNGSHINWEIS<\/strong><\/p>\n<p>Unter dem Motto \u201eDer Fluss des Lebens in Farben\u201c zeigt die Stadt- und Regionalbibliothek am Puschkinplatz ab Montag, 18. Juni Acrylbilder von Frauke Gro\u00df. Zum Malen fand Frauke Gro\u00df \u00fcber eine Weiterbildung in der Heimvolkshochschule Kloster Donndorf. Seit 1994 besucht sie dort j\u00e4hrlich das Seminar \u201eBildnerische Gestalttherapie\u201c mit dem Ziel, die eigene Bildsprache zu entdecken und sich selbst zu erfahren. Sie verbindet mit dieser Zeit in Donndorf neben der Freude am intuitiven Entstehen von Bildern auch pers\u00f6nliche Heilungsprozesse. Das Erleben der Umgebung, Menschen und Natur, das Erfahren von Achtsamkeit sind f\u00fcr Frauke Gro\u00df dabei wichtige Aspekte. Ihre Bilder entstanden alle ausschlie\u00dflich in Donndorf. Zusehen waren einige von ihnen bereits vor einem Jahr in der Geraer Johanniskirche. Jetzt sind die Besucher der Stadtbibliothek eingeladen, sich beim Betrachten der Bilder auf dem Fluss des Lebens treiben zu lassen.<\/p>\n<p>Frauke Gro\u00df, in Greiz geboren, lebt in Gera. Sie ist verheiratet, hat zwei Kinder und sechs Enkelkinder. Nach der Ausbildung als Elektromonteurin arbeitete sie als Betriebselektrikerin, sp\u00e4ter als Lehrmeisterin, absolvierte ein Fernstudium zum Ingenieurp\u00e4dagogen f\u00fcr Elektrotechnik. Seit 1992 arbeitet Frauke Gro\u00df als sozialp\u00e4dagogische Familienhilfe und absolvierte parallel zur Arbeit ein weiteres Fachschulstudium zur Fachkraft f\u00fcr Soziale Arbeit. Sie ist besch\u00e4ftigt beim Tr\u00e4gerwerk f\u00fcr Soziale Dienste GmbH. Zu sehen ist die Ausstellung bis zum 4. August zu den \u00d6ffnungszeiten der Bibliothek: Montag 14 bis 19 Uhr, Dienstag bis Freitag von 10 bis 19 Uhr und Sonnabend 10 bis 13 Uhr. Mehr Informationen zur Bibliothek unter www.biblio-gera.de.<\/p>\n<hr \/>\n<p><strong>F\u00d6RDERUNG DES DIGITALEN LESENS<\/strong><\/p>\n<p>Neue digitale Medien werden auch in der Stadt- und Regionalbibliothek Gera in die Bibliotheksarbeit mit Kindern einbezogen. Digitale Medien begleiten und beeinflussen nicht nur Jugendliche und Erwachsene in ihrem t\u00e4glichen Leben, auch zunehmend j\u00fcngere Kinder machen bereits fr\u00fchzeitig Erfahrungen mit Internet, Tablets, dem Smartphone der Eltern oder einem eigenen und interaktiven Spiele-Angeboten aus dem Netz. Die Kinderbibliothek am Puschkinplatz verf\u00fcgt seit diesem Jahr \u00fcber einen iPad-Koffer mit zehn Ger\u00e4ten, die mit ausgesuchten Apps ausgestattet sind. Nicht jedes digitale Lesemedium eignet sich, denn Ma\u00dfgaben des Jugendschutzes (keine externen Links, keine Werbung, keine In-App-K\u00e4ufe) m\u00fcssen erf\u00fcllt werden sowie eine niedrigschwellige Bedienbarkeit und technische Stabilit\u00e4t gew\u00e4hrleistet sein. Au\u00dferdem sollen interaktive Elemente sinnvoll integriert sein und damit das Gef\u00fchl des Miterlebens vermitteln. <\/p>\n<p>Aber verdr\u00e4ngt die digitale Welt nicht zunehmend das Buch? Diese Frage wird immer wieder gestellt. Die Stiftung Lesen ist der \u00dcberzeugung, dass digitalen Medien das Lesen fordern und f\u00f6rdern. Sie tritt f\u00fcr eine Gleichwertigkeit aller Medien ein. Insbesondere in digitalen Lesemedien sieht sie ein gro\u00dfes Potenzial f\u00fcr die Lesef\u00f6rderung. Die Kinderbibliothek Gera bietet deshalb Veranstaltungen f\u00fcr Kindertagesst\u00e4tten, Grundschulen und auch f\u00fcr weiterf\u00fchrende Schulen an, in denen J\u00fcngere mit ausgesuchten Geschichten-Apps und\/oder Lern-, Quiz-, Wissens- und Kreativ-Apps selber unter kompetenter Anleitung diese Mischformen aus Lesen und Gaming ausprobieren k\u00f6nnen. Dabei erfahren die Heranwachsenden, dass Buch und Internet kein entweder oder sein muss, sondern eins das andere erg\u00e4nzt und bereichert. Spielerisch wird so Medienkompetenz vermittelt &#8211; von technischen Fertigkeiten, \u00fcber Kenntnisse zu den zahlreichen Medienm\u00f6glichkeiten, den kompetenten Umgang mit diesen, bis hin zu einem kreativen und sicheren Einsatz. Mehr Informationen zur Bibliothek finden Sie unter www.biblio-gera.de.<\/p>\n<hr \/>\n<p><strong>MUSIKSCHULE GERA<\/strong><\/p>\n<p>Am 19. Mai 2018 stellte sich die f\u00fcnfzehnj\u00e4hrige  Rashmi Torres , Sch\u00fclerin der Ballettabteilung der Musikschule \u201eHeinrich Sch\u00fctz\u201c wiederholt den Herausforderungen der Teilnahme an einem internationalen  Ballettwettbewerbes. Rashmi tanzte zwei Duette mit Noa Amann vom Tanzstudio Pilates &amp; Ballett Hof. Dabei konnten die beiden T\u00e4nzer erste und zweite Platz und die H\u00f6chstpunktzahl von 160 Punkten erreichen.  F\u00fcr ihr klassisches Solo \u201eCoppelia\u201c  erhielt Rashmi gro\u00dfe Anerkennung mit dem zweiten Platz.<br \/>\nDie zus\u00e4tzliche Verleihung des Titels \u201eBestes Nachwuchstalent\u201c  ist f\u00fcr Rashmi eine ganz besonders sch\u00f6ne Anerkennung. Viele ausgezeichnete junge T\u00e4nzer- und T\u00e4nzerinnen aus Russland, Schweiz, \u00d6sterreich, T\u00fcrkei  und Deutschland gingen an den Start. Ihre Ballettlehrer  Elvira und Igor Irmatov  sind ebenfalls hocherfreut \u00fcber Rashmis Leistungen und den mehrfachen Auszeichnungen bei internationalen Wettbewerben in diesem Schuljahr.<\/p>\n<hr \/>\n<p><strong>SPIELPL\u00c4TZE<\/strong><\/p>\n<p>Das seit Januar 2018 gesperrte Hauptspielger\u00e4t, gro\u00dfe Kletterkombination, am Spielplatz Osterstein, musste zwischen dem 22. Mai und dem 1. Juli abgebaut werden. Das Ger\u00e4t gibt es seit 1996. Der Grund f\u00fcr den Abbau ist ein gro\u00dfer Schaden durch Vandalismus aus der Silvesternacht 2017\/2018 und auch M\u00e4ngel, die bei den sicherheitstechnischen Kontrollen festgestellt wurden. In der Richtlinie f\u00fcr die Nutzungsdauer ist bei Spielpl\u00e4tzen eine Nutzungsdauer von zehn Jahren festgesetzt. Durch eine gute und umsichtige Pflege konnte die Anlage 21 Jahre erhalten werden. Eine Reparatur des Spielger\u00e4tes ist nicht m\u00f6glich, da das unwirtschaftlich w\u00e4re. Die Anlage Osterstein versorgt au\u00dferdem nicht wohnungsnah. Im Spielplatzentwicklungskonzept 2030 (Beschluss DS-Nr. 6\/2015) ist die Anlage aus diesem Grund als R\u00fcckbaustandort ausgewiesen worden. Das Spielger\u00e4t Mobilus, eine Kombination aus Schaukel, Karussell und Wippe, die B\u00e4nke und Papierk\u00f6rbe bleiben auf der Anlage vorerst erhalten und k\u00f6nnen weiterhin genutzt werden.<br \/>\nIm Anschluss an den R\u00fcckbau des Spielplatzes Osterstein beginnen im Juni die Umbauarbeiten am Kleinkindbereich Spielplatz Gries. Im Norden der Spielanlage wird durch den Fachdienst Stadtgr\u00fcn\/Meisterbereich Landschaftsbau ein neuer Sandspielbereich mit Federwipptieren und B\u00e4nken als Ersatz f\u00fcr den zur\u00fcckgebauten Bereich errichtet. Weitere Ma\u00dfnahmen wie Umsetzung und Aufarbeitung von B\u00e4nken inklusive Einbau von Scharrbereichen, Einfassung der vorhandenen Fallbereiche, Aufarbeitung und Anpassung der Wege sowie die notwendige Umsetzung der Drehscheibe folgen.<br \/>\nDie Umbauma\u00dfnahmen des Fachdienstes Stadtgr\u00fcn stehen dabei auch in engem Zusammenhang mit der geplanten Hochwasserschutzma\u00dfnahme der TLUG am Gries, die im Sp\u00e4tsommer\/Herbst beginnen soll. Mit der dortigen Einordnung einer Hochwasserschutzwand und der Verbreiterung des Wartungs-\/Rad-\/Fu\u00dfweges wird die Spielanlage etwas schmaler. Zur Sicherheit der Kinder soll eine Hecke am Weg als Ersatzma\u00dfnahme gepflanzt werden. Auch Baumersatzpflanzungen folgen. Da aus sicherheitstechnischen Gr\u00fcnden w\u00e4hrend der Umbauarbeiten der Spielplatz Gries teilweise bzw. zeitweise voll gesperrt werden muss, ist mit Nutzungseinschr\u00e4nkungen zu rechnen. Die Stadtverwaltung bittet um Verst\u00e4ndnis und darum, die Absperrung in diesem Bereich zu beachten, damit es zu keinen Verz\u00f6gerungen bei der Freigabe der Anlagen kommt. In Untermhaus stehen in der N\u00e4he am Weinberghof, in der Conradstra\u00dfe und im Hofwiesenpark kommunale Spielanlagen als Ausweichstandorte zur Verf\u00fcgung.<\/p>\n<hr \/>\n<p><strong>HALDENLAUF IN L\u00d6BICHAU<\/strong><\/p>\n<p>am 16. Juni 2018 findet zum nunmehr achten Mal der L\u00f6bichauer Haldenlauf statt. Anmeldeschluss ist der 14. Juni 2018. Interessierte melden sich bitte bei der Verwaltungsgemeinschaft &#8222;Oberes Sprottental&#8220;, Am Gemeindeamt 4, 04626 N\u00f6bdenitz. Die Rufummer lautet 034496 23013, die Fax-Nummer 034496 23023.<\/p>\n","protected":false},"excerpt":{"rendered":"<div class=\"mh-excerpt\"><p>DEZERNAT SOZIALES In einem neuen Empfangsbereich werden B\u00fcrger im Dienstgeb\u00e4ude Gagarinstra\u00dfe 99\/101 des Dezernats Soziales begr\u00fc\u00dft. Dort erhalten sie erste Ausk\u00fcnfte zu ihren Anliegen, k\u00f6nnen Antr\u00e4ge oder andere Unterlagen abholen oder abgeben und werden an <a class=\"mh-excerpt-more\" href=\"https:\/\/www.studiogera.de\/001\/2018\/06\/07\/meldungen-der-stadtverwaltung-16\/\" title=\"MELDUNGEN DER STADTVERWALTUNG\">[&#8230;]<\/a><\/p>\n<\/div>","protected":false},"author":2,"featured_media":475,"comment_status":"open","ping_status":"open","sticky":false,"template":"","format":"standard","meta":{"footnotes":""},"categories":[16],"tags":[],"class_list":{"0":"post-4034","1":"post","2":"type-post","3":"status-publish","4":"format-standard","5":"has-post-thumbnail","7":"category-kurzmitteilungen"},"_links":{"self":[{"href":"https:\/\/www.studiogera.de\/001\/wp-json\/wp\/v2\/posts\/4034","targetHints":{"allow":["GET"]}}],"collection":[{"href":"https:\/\/www.studiogera.de\/001\/wp-json\/wp\/v2\/posts"}],"about":[{"href":"https:\/\/www.studiogera.de\/001\/wp-json\/wp\/v2\/types\/post"}],"author":[{"embeddable":true,"href":"https:\/\/www.studiogera.de\/001\/wp-json\/wp\/v2\/users\/2"}],"replies":[{"embeddable":true,"href":"https:\/\/www.studiogera.de\/001\/wp-json\/wp\/v2\/comments?post=4034"}],"version-history":[{"count":1,"href":"https:\/\/www.studiogera.de\/001\/wp-json\/wp\/v2\/posts\/4034\/revisions"}],"predecessor-version":[{"id":4035,"href":"https:\/\/www.studiogera.de\/001\/wp-json\/wp\/v2\/posts\/4034\/revisions\/4035"}],"wp:featuredmedia":[{"embeddable":true,"href":"https:\/\/www.studiogera.de\/001\/wp-json\/wp\/v2\/media\/475"}],"wp:attachment":[{"href":"https:\/\/www.studiogera.de\/001\/wp-json\/wp\/v2\/media?parent=4034"}],"wp:term":[{"taxonomy":"category","embeddable":true,"href":"https:\/\/www.studiogera.de\/001\/wp-json\/wp\/v2\/categories?post=4034"},{"taxonomy":"post_tag","embeddable":true,"href":"https:\/\/www.studiogera.de\/001\/wp-json\/wp\/v2\/tags?post=4034"}],"curies":[{"name":"wp","href":"https:\/\/api.w.org\/{rel}","templated":true}]}}