{"id":4040,"date":"2018-06-07T23:10:45","date_gmt":"2018-06-07T21:10:45","guid":{"rendered":"http:\/\/www.studiogera.de\/001\/?p=4040"},"modified":"2018-06-07T23:10:45","modified_gmt":"2018-06-07T21:10:45","slug":"theater-projekt-in-der-jva-hohenleuben","status":"publish","type":"post","link":"https:\/\/www.studiogera.de\/001\/2018\/06\/07\/theater-projekt-in-der-jva-hohenleuben\/","title":{"rendered":"THEATER-PROJEKT IN DER JVA HOHENLEUBEN"},"content":{"rendered":"<p>Die Partnerschaft f\u00fcr Demokratie in Stadt und Landkreis Greiz f\u00f6rdert im Rahmen des Bundesprogrammes \u201eDemokratie Leben\u201c des Bundesministeriums f\u00fcr Familie, Senioren, Frauen und Jugend sowie in Th\u00fcringen zus\u00e4tzlich durch das Th\u00fcringer Landesprogramm f\u00fcr Demokratie, Weltoffenheit und Toleranz auch 2018 verschiedene Projekte. So wird u. a. ein gemeinsames Projekt des Theater &amp; Kulturf\u00f6rdervereins der Vogtlandhalle Greiz e. V., der TheaterFABRIK von Theater &amp; Philharmonie Th\u00fcringen und der Justizvollzugsanstalt Hohenleuben m\u00f6glich.<\/p>\n<p>Von einer Justizvollzugsanstalt h\u00f6rt man meist nur, wenn etwas passiert. Das geschieht vergleichsweise selten; allerdings ist die R\u00fcckfallquote von Straft\u00e4tern in Deutschland laut einer Studie sehr hoch: jeder zweite werde innerhalb von neun Jahren erneut straff\u00e4llig. Seit dem 1. Mai und noch bis zum 15. Dezember 2018 k\u00f6nnen 15 Gefangene der JVA Hohenleuben im Alter zwischen 21 und 37 Jahren an einem Theater-Projekt teilnehmen, das \u201eFallstricke\u201c hei\u00dft, um genau dieser Gefahr entgegenzuwirken. <\/p>\n<p>Das Projekt unterst\u00fctzt die Arbeit der Justizvollzugsbeamten in der Resozialisierung der Gefangenen mit den Mitteln der Theaterarbeit. Ziel ist es, Impulse in Richtung Unrechtsbewusstsein zu setzen. Die Basis der Auseinandersetzung bilden die von der Kirche definierten Sieben Haupts\u00fcnden: Hochmut, Neid, Gier\/Geiz, Nebenabsichten der Liebe, Zorn, Tr\u00e4gheit und Eifersucht. <\/p>\n<p>Das Projekt soll in zwei Phasen ablaufen. Der Leiter der Theaterfabrik, Peter Przetak, und Nanna Przetak \u00fcbernehmen bis Juni vier Kurse, die das Thema der Sieben Haupts\u00fcnden von unterschiedlichen Seiten beleuchten und zwar mit theatralen und Mitteln der Bewegungsarbeit. Damit erh\u00e4lt dieses Projekt einen Laborcharakter, in dem die Realit\u00e4t in der Freiheit ausprobiert werden kann. Sozialkompetenz und Affektsteuerung und das oben beschriebene Unrechtsbewusstsein erhalten somit eine Wirklichkeit, die jenseits von Appellen wirkt. Einige JVA arbeiten mit gro\u00dfem Erfolg an Kunstprojekten und stellen fest, dass die Gefangenen diese Arbeit als wertvoll und absurderweise als \u201ebefreiend\u201c empfinden und, dass eine Reintegration in die Gesellschaft damit leichter wird. Dies und die Entwicklung von kommunikativen Alternativen jenseits von Gewalt, werden Teil dieses Projektes. <\/p>\n<p>In der zweiten Phase des Projektes ab 1. September 2018 beginnt die Probenarbeit: ein Ensemble wird festgelegt und das Textbuch f\u00fcr ein Theaterst\u00fcck erarbeitet. Die Proben betreuen Anke Hartmann, Vorsitzende des Greizer Kulturf\u00f6rdervereins, und Peter Przetak. Das St\u00fcck wird im Dezember in der JVA Hohenleuben vor Mitgefangenen aufgef\u00fchrt, eine Podiumsdiskussion schlie\u00dft sich an. Hier haben die aktiven Teilnehmer \u00fcber das St\u00fcck hinaus Gelegenheit ihre Erfahrungen den Mitgefangenen zu vermitteln.<\/p>\n<p>Das langfristig angelegte Projekt, in dem die individuell gearteten Fallstricke definiert und in einem Theaterst\u00fcck verarbeitet werden, liefert einen wertvollen Beitrag dahin gehend, dass die Teilnehmer, wenn sie wieder in Freiheit sind, nicht erneut straucheln.<\/p>\n<p>\u00dcbrigens werden noch in der Externen Koordinierungs- und Fachstelle Partnerschaft f\u00fcr Demokratie in der Stadt und im Landkreis Greiz Projektantr\u00e4ge angenommen.<\/p>\n<p>Hierzu melden Sie sich bitte bei Anke Hartmann, Vorsitzende des Theater- &amp; Kulturf\u00f6rdervereins der Vogtlandhalle Greiz, Rufnummer 03661 62880 oder 03661 6539. Der Leiter der Theaterfabrik, Peter Przetak, ist unter der Rufnummer 0365 8279290 erreichbar. Svea Wunderlich, Externe Koordinierungs- und Fachstelle Partnerschaft f\u00fcr Demokratie in der Stadt und im Landkreis Greiz, ist \u00fcber vielfaltleben@kirchenkreis-greiz.de erreichbar.<\/p>\n<p>BILD UND TEXT: THEATER UND PHILHARMONIE TH\u00dcRINGEN GMBH<\/p>\n","protected":false},"excerpt":{"rendered":"<div class=\"mh-excerpt\"><p>Die Partnerschaft f\u00fcr Demokratie in Stadt und Landkreis Greiz f\u00f6rdert im Rahmen des Bundesprogrammes \u201eDemokratie Leben\u201c des Bundesministeriums f\u00fcr Familie, Senioren, Frauen und Jugend sowie in Th\u00fcringen zus\u00e4tzlich durch das Th\u00fcringer Landesprogramm f\u00fcr Demokratie, Weltoffenheit <a class=\"mh-excerpt-more\" href=\"https:\/\/www.studiogera.de\/001\/2018\/06\/07\/theater-projekt-in-der-jva-hohenleuben\/\" title=\"THEATER-PROJEKT IN DER JVA HOHENLEUBEN\">[&#8230;]<\/a><\/p>\n<\/div>","protected":false},"author":2,"featured_media":4041,"comment_status":"open","ping_status":"open","sticky":false,"template":"","format":"standard","meta":{"footnotes":""},"categories":[15],"tags":[],"class_list":{"0":"post-4040","1":"post","2":"type-post","3":"status-publish","4":"format-standard","5":"has-post-thumbnail","7":"category-theater"},"_links":{"self":[{"href":"https:\/\/www.studiogera.de\/001\/wp-json\/wp\/v2\/posts\/4040","targetHints":{"allow":["GET"]}}],"collection":[{"href":"https:\/\/www.studiogera.de\/001\/wp-json\/wp\/v2\/posts"}],"about":[{"href":"https:\/\/www.studiogera.de\/001\/wp-json\/wp\/v2\/types\/post"}],"author":[{"embeddable":true,"href":"https:\/\/www.studiogera.de\/001\/wp-json\/wp\/v2\/users\/2"}],"replies":[{"embeddable":true,"href":"https:\/\/www.studiogera.de\/001\/wp-json\/wp\/v2\/comments?post=4040"}],"version-history":[{"count":1,"href":"https:\/\/www.studiogera.de\/001\/wp-json\/wp\/v2\/posts\/4040\/revisions"}],"predecessor-version":[{"id":4042,"href":"https:\/\/www.studiogera.de\/001\/wp-json\/wp\/v2\/posts\/4040\/revisions\/4042"}],"wp:featuredmedia":[{"embeddable":true,"href":"https:\/\/www.studiogera.de\/001\/wp-json\/wp\/v2\/media\/4041"}],"wp:attachment":[{"href":"https:\/\/www.studiogera.de\/001\/wp-json\/wp\/v2\/media?parent=4040"}],"wp:term":[{"taxonomy":"category","embeddable":true,"href":"https:\/\/www.studiogera.de\/001\/wp-json\/wp\/v2\/categories?post=4040"},{"taxonomy":"post_tag","embeddable":true,"href":"https:\/\/www.studiogera.de\/001\/wp-json\/wp\/v2\/tags?post=4040"}],"curies":[{"name":"wp","href":"https:\/\/api.w.org\/{rel}","templated":true}]}}