{"id":4050,"date":"2018-06-07T23:38:41","date_gmt":"2018-06-07T21:38:41","guid":{"rendered":"http:\/\/www.studiogera.de\/001\/?p=4050"},"modified":"2018-06-07T23:38:41","modified_gmt":"2018-06-07T21:38:41","slug":"schauspiel-der-eingebildet-kranke","status":"publish","type":"post","link":"https:\/\/www.studiogera.de\/001\/2018\/06\/07\/schauspiel-der-eingebildet-kranke\/","title":{"rendered":"SCHAUSPIEL &#8222;DER EINGEBILDET KRANKE&#8220;"},"content":{"rendered":"<p>Das Freiluft-St\u00fcck des Schauspiels inszeniert Schauspieldirektor Manuel Kressin selbst und hat sich daf\u00fcr Moli\u00e8res Klassiker \u201eDer eingebildet Kranke\u201c ausgesucht. Theater &amp; Philharmonie Th\u00fcringen veranstaltet dieses Sommerevent in Zusammenarbeit mit dem Schloss- und Kulturbetrieb Residenzschloss Altenburg an einem ganz besonderen Ort: Unter freiem Himmel im Schlosspark auf St\u00fchlen auf der kleinen Teehauswiese sitzend, k\u00f6nnen die Zuschauer kom\u00f6diantisch unterhalten die milden Abendstunden genie\u00dfen. Die Premiere ist am Sonntag, 10. Juni, um 18 Uhr.<\/p>\n<p>Argan ist Hypochonder. Es geht ihm jeden Tag aufs Neue schlecht. Deshalb umgibt er sich mit einer Schar von \u00c4rzten und Apothekern. Die best\u00e4rken ihn gern in seiner eingebildeten Krankheit und nutzen seine Wehwehchen aus, um diverse Untersuchungen und Behandlungen anzuordnen. Vor allem stellen sie Argan ihre Arbeit auch gern in Rechnung. Leidtragende ist die Tochter Ang\u00e9lique. Da ihr Vater unbedingt einen Arzt in der Familie haben m\u00f6chte, soll sie den Medizinstudenten Thomas heiraten \u2013 verliebt ist sie aber in Cl\u00e9anthe. Stiefmutter B\u00e9linde s\u00e4he Ang\u00e9lique ohnehin am liebsten im Kloster und Argan unter der Erde. Doch das Dienstm\u00e4dchen Toinette und Argans Schwester B\u00e9raldine haben einen Plan.<\/p>\n<p>Der eingebildet Kranke ist das letzte St\u00fcck des franz\u00f6sischen Dramatikers Jean-Baptiste Poquelin, genannt Moli\u00e8re (1622-1673). Heute gilt er als Sch\u00f6pfer der franz\u00f6sischen Kom\u00f6dienkunst und Begr\u00fcnder der neueren Charakterkom\u00f6die. Die zeitlosen Themen seiner St\u00fccke sind die Laster und Schw\u00e4chen der Menschheit; in Der eingebildet Kranke sind es. Habgier und Selbstmitleid. Die parodierte \u00dcberheblichkeit und Unwissenheit der \u00c4rzte war Moli\u00e8re gut bekannt: Er litt unter einem labilen Gesundheitszustand. In der Urauff\u00fchrung spielte Moli\u00e8re den eingebildet Kranken selbst. Sein Tod ging in die Theatergeschichte ein: W\u00e4hrend einer der folgenden Vorstellungen erlitt er auf der B\u00fchne einen Anfall und verstarb kurz darauf \u2013 noch im Kost\u00fcm. <\/p>\n<p>F\u00fcr B\u00fchne und Kost\u00fcme zeichnet Gesine Pitzer verantwortlich.  In den Rollen: Argan \u2013 Thomas C. Zinke, Toinette \u2013 Mechthild Scrobanita, Ang\u00e9lique \u2013 Alexandra Sagurna, Cl\u00e9ante \u2013 Johannes Emmrich,  B\u00e9line \u2013 Nolundi Tschudi, Beraldine \u2013 Ines Buchmann, M. Diafoirus \u2013 Manuel Struffolino, Thomas Diafoirus \u2013 Danijel Gavrilovic<\/p>\n<p>Gespielt wird in der deutschen Fassung von Wolfgang Kressin.<\/p>\n<p><strong>AUFF\u00dcHRUNGSTERMINE<\/strong>   <\/p>\n<p>&#8211; Freitag, den 15. Juni 2018, 20 Uhr<br \/>\n&#8211; Samstag, den 16. Juni 2018, 20 Uhr<br \/>\n&#8211; Freitag, den 22. Juni 2018, 19.30 Uhr<br \/>\n&#8211; Samstag, den 23. Juni 2018, 20 Uhr<br \/>\n&#8211; Sonntag, den 24. Juni 2018, 18 Uhr<\/p>\n<p>Eintrittskarten sind an der Theaterkasse erh\u00e4ltlich. Diese ist unter der Rufnummer 03447 585160 und \u00fcber www.tpthueringen.de erreichbar. \u00dcbrig gebliebene Eintrittskarten k\u00f6nnen vor der Vorstellung im Schlosspark erworben werden.<\/p>\n<p>BILD UND TEXT: THEATER UND PHILHARMONIE TH\u00dcRINGEN GMBH<\/p>\n","protected":false},"excerpt":{"rendered":"<div class=\"mh-excerpt\"><p>Das Freiluft-St\u00fcck des Schauspiels inszeniert Schauspieldirektor Manuel Kressin selbst und hat sich daf\u00fcr Moli\u00e8res Klassiker \u201eDer eingebildet Kranke\u201c ausgesucht. Theater &amp; Philharmonie Th\u00fcringen veranstaltet dieses Sommerevent in Zusammenarbeit mit dem Schloss- und Kulturbetrieb Residenzschloss Altenburg <a class=\"mh-excerpt-more\" href=\"https:\/\/www.studiogera.de\/001\/2018\/06\/07\/schauspiel-der-eingebildet-kranke\/\" title=\"SCHAUSPIEL &#8222;DER EINGEBILDET KRANKE&#8220;\">[&#8230;]<\/a><\/p>\n<\/div>","protected":false},"author":2,"featured_media":4051,"comment_status":"open","ping_status":"open","sticky":false,"template":"","format":"standard","meta":{"footnotes":""},"categories":[15],"tags":[],"class_list":{"0":"post-4050","1":"post","2":"type-post","3":"status-publish","4":"format-standard","5":"has-post-thumbnail","7":"category-theater"},"_links":{"self":[{"href":"https:\/\/www.studiogera.de\/001\/wp-json\/wp\/v2\/posts\/4050","targetHints":{"allow":["GET"]}}],"collection":[{"href":"https:\/\/www.studiogera.de\/001\/wp-json\/wp\/v2\/posts"}],"about":[{"href":"https:\/\/www.studiogera.de\/001\/wp-json\/wp\/v2\/types\/post"}],"author":[{"embeddable":true,"href":"https:\/\/www.studiogera.de\/001\/wp-json\/wp\/v2\/users\/2"}],"replies":[{"embeddable":true,"href":"https:\/\/www.studiogera.de\/001\/wp-json\/wp\/v2\/comments?post=4050"}],"version-history":[{"count":1,"href":"https:\/\/www.studiogera.de\/001\/wp-json\/wp\/v2\/posts\/4050\/revisions"}],"predecessor-version":[{"id":4052,"href":"https:\/\/www.studiogera.de\/001\/wp-json\/wp\/v2\/posts\/4050\/revisions\/4052"}],"wp:featuredmedia":[{"embeddable":true,"href":"https:\/\/www.studiogera.de\/001\/wp-json\/wp\/v2\/media\/4051"}],"wp:attachment":[{"href":"https:\/\/www.studiogera.de\/001\/wp-json\/wp\/v2\/media?parent=4050"}],"wp:term":[{"taxonomy":"category","embeddable":true,"href":"https:\/\/www.studiogera.de\/001\/wp-json\/wp\/v2\/categories?post=4050"},{"taxonomy":"post_tag","embeddable":true,"href":"https:\/\/www.studiogera.de\/001\/wp-json\/wp\/v2\/tags?post=4050"}],"curies":[{"name":"wp","href":"https:\/\/api.w.org\/{rel}","templated":true}]}}