{"id":4061,"date":"2018-06-10T00:10:42","date_gmt":"2018-06-09T22:10:42","guid":{"rendered":"http:\/\/www.studiogera.de\/001\/?p=4061"},"modified":"2018-06-10T00:10:42","modified_gmt":"2018-06-09T22:10:42","slug":"sanierung-und-umbau-der-ostschule-ab-juni-2019","status":"publish","type":"post","link":"https:\/\/www.studiogera.de\/001\/2018\/06\/10\/sanierung-und-umbau-der-ostschule-ab-juni-2019\/","title":{"rendered":"SANIERUNG UND UMBAU DER OSTSCHULE AB JUNI 2019"},"content":{"rendered":"<p>Voraussichtlich ab Sommer n\u00e4chsten Jahres wird die Ostschule in einem Zeitraum von zwei Jahren saniert werden. Das am 18. April 1906 eingeweihte Geb\u00e4ude in der Karl-Liebknecht-Stra\u00dfe 56, damals Hospitalstra\u00dfe, befindet sich seit vielen Jahren in einem desolaten Zustand. Unter anderem sind die Fenster undicht und es zeigen sich, insbesondere im Keller, N\u00e4ssesch\u00e4den. Mit der Sanierung einher gehen auch einige Umbauarbeiten. Der Haupteingang soll sich wieder am Turm befinden. Die Turnhalle wird k\u00fcnftig der Speisesaal sein, welcher auch als Aula genutzt werden kann. Die bisherige Aula wird umgebaut; es entstehen dort neue Klassenr\u00e4ume. Weitere Klassenr\u00e4ume werden im Kellergeschoss eingerichtet. Auf dem Schulgel\u00e4nde sind eine neue Turnhalle, ein Sportplatz und ein Schulgarten geplant.<\/p>\n<p>Die Kosten ohne den Turnhallen-Neubau sind mit 12,542 Euro veranschlagt. Insgesamt soll das Projekt 15,5 Millionen Euro kosten. Die Stadtverwaltung hat beim Landesamt f\u00fcr Bau und Verkehr eine Zuwendung f\u00fcr die erstgenannte Summe beantragt und rechnet mit sechs Millionen Euro. Der Neubau der Turnhalle kann nach Ansicht der zust\u00e4ndigen Dezernentin m\u00f6glicherweise \u00fcber das St\u00e4dtebau-F\u00f6rderprogramm finanziert werden.<\/p>\n<p>W\u00e4hrend der Bauzeit dient das Schulgeb\u00e4ude Eiselsta\u00dfe 44 als Ausweichstandort.<\/p>\n<p>Ab dem Jahre 2021 wird die staatliche Regelschule &#8222;Ostschule&#8220; als Th\u00fcringer Gemeinschaftsschule gef\u00fchrt werden und 750 Sch\u00fcler aufnehmen k\u00f6nnen. Derzeit werden dort 320 Sch\u00fcler unterrichtet. Seit dem Jahre 2009 tr\u00e4gt sie den Namenszusatz &#8222;Europaschule&#8220;, f\u00fcr den bestimmte Kriterien erf\u00fcllt sein m\u00fcssen. Schultr\u00e4ger ist die Stadtverwaltung. Das Haus steht unter Denkmalschutz.<\/p>\n<p>Laut der im Januar 2018 in den Stadtratsaussch\u00fcssen gebilligten &#8222;Priorit\u00e4tenliste Schulsanierungen&#8220; haben bis zum Schuljahr 2021\/2022 sieben Schulbauma\u00dfnahmen Vorrang. Der Bedarf f\u00fcr die Sanierung aller st\u00e4dtischen Schulen im Betrachtungszeitraum bis zum Jahre 2030 liegt bei rund 74 Millionen Euro.<\/p>\n","protected":false},"excerpt":{"rendered":"<div class=\"mh-excerpt\"><p>Voraussichtlich ab Sommer n\u00e4chsten Jahres wird die Ostschule in einem Zeitraum von zwei Jahren saniert werden. Das am 18. April 1906 eingeweihte Geb\u00e4ude in der Karl-Liebknecht-Stra\u00dfe 56, damals Hospitalstra\u00dfe, befindet sich seit vielen Jahren in <a class=\"mh-excerpt-more\" href=\"https:\/\/www.studiogera.de\/001\/2018\/06\/10\/sanierung-und-umbau-der-ostschule-ab-juni-2019\/\" title=\"SANIERUNG UND UMBAU DER OSTSCHULE AB JUNI 2019\">[&#8230;]<\/a><\/p>\n<\/div>","protected":false},"author":2,"featured_media":4063,"comment_status":"open","ping_status":"open","sticky":false,"template":"","format":"standard","meta":{"footnotes":""},"categories":[3],"tags":[],"class_list":{"0":"post-4061","1":"post","2":"type-post","3":"status-publish","4":"format-standard","5":"has-post-thumbnail","7":"category-lokal"},"_links":{"self":[{"href":"https:\/\/www.studiogera.de\/001\/wp-json\/wp\/v2\/posts\/4061","targetHints":{"allow":["GET"]}}],"collection":[{"href":"https:\/\/www.studiogera.de\/001\/wp-json\/wp\/v2\/posts"}],"about":[{"href":"https:\/\/www.studiogera.de\/001\/wp-json\/wp\/v2\/types\/post"}],"author":[{"embeddable":true,"href":"https:\/\/www.studiogera.de\/001\/wp-json\/wp\/v2\/users\/2"}],"replies":[{"embeddable":true,"href":"https:\/\/www.studiogera.de\/001\/wp-json\/wp\/v2\/comments?post=4061"}],"version-history":[{"count":2,"href":"https:\/\/www.studiogera.de\/001\/wp-json\/wp\/v2\/posts\/4061\/revisions"}],"predecessor-version":[{"id":4064,"href":"https:\/\/www.studiogera.de\/001\/wp-json\/wp\/v2\/posts\/4061\/revisions\/4064"}],"wp:featuredmedia":[{"embeddable":true,"href":"https:\/\/www.studiogera.de\/001\/wp-json\/wp\/v2\/media\/4063"}],"wp:attachment":[{"href":"https:\/\/www.studiogera.de\/001\/wp-json\/wp\/v2\/media?parent=4061"}],"wp:term":[{"taxonomy":"category","embeddable":true,"href":"https:\/\/www.studiogera.de\/001\/wp-json\/wp\/v2\/categories?post=4061"},{"taxonomy":"post_tag","embeddable":true,"href":"https:\/\/www.studiogera.de\/001\/wp-json\/wp\/v2\/tags?post=4061"}],"curies":[{"name":"wp","href":"https:\/\/api.w.org\/{rel}","templated":true}]}}