{"id":4066,"date":"2018-06-11T04:15:51","date_gmt":"2018-06-11T02:15:51","guid":{"rendered":"http:\/\/www.studiogera.de\/001\/?p=4066"},"modified":"2018-06-11T04:15:51","modified_gmt":"2018-06-11T02:15:51","slug":"plaene-fuer-die-wiederbelebung-des-plzen-centers","status":"publish","type":"post","link":"https:\/\/www.studiogera.de\/001\/2018\/06\/11\/plaene-fuer-die-wiederbelebung-des-plzen-centers\/","title":{"rendered":"PL\u00c4NE F\u00dcR DIE WIEDERBELEBUNG DES PLZEN-CENTERS"},"content":{"rendered":"<p>In Lusan soll das Plzen-Center wiederbelebt werden. Die W. S. Gewerbebau GmbH aus Kirchhasel beabsichtigt, in das dortige Geb\u00e4ude zu investieren. Ein SB-Lebensmitteldiscounter sowie zwei SB-Fachm\u00e4rkte f\u00fcr Drogerie-Artikel, Fleischwaren, Backwaren, Getr\u00e4nke, Bio-Produkte und Tiernahrung sollen dort angesiedelt werden. Weitere Fl\u00e4chen sind f\u00fcr das Stadtteilb\u00fcro Lusan, die Stadtteilbibliothek und f\u00fcr die Vereinsarbeit vorgesehen.<\/p>\n<p>Das Unternehmen beantragte im vergangenen Jahr bei der Stadtverwaltung gem\u00e4\u00df \u00a7 12 BauGB die Aufstellung eines vorhabenbezogenen Bebauungsplans und reichte die geforderten Unterlagen zum Vorhaben ein. Der vorhabenbezogene Bebauungsplan besteht aus den drei Elementen &#8222;Vorhaben- und Erschlie\u00dfungsplan&#8220;, &#8222;Durchf\u00fchrungsvertrag&#8220;, Bebauungsplan&#8220;. Am 8. Mai 2018 gab es Abstimmungen zwischen der Stadtverwaltung und dem Interessenten. Dabei ging es um die Integration der st\u00e4dtischen Belange. Der Vorhabentr\u00e4ger will alsbald ein angepasstes Planungskonzept mit Ber\u00fccksichtigung der angrenzenden Bereiche vorlegen. Dabei sind Geltungsbereichs\u00e4nderungen im Planungsverfahren m\u00f6glich. <\/p>\n<p>Der Stadtrat nahm die  Vorlage 10\/2018 am 17. Mai 2018 an und beschloss, dass das Verfahren f\u00fcr den vorhabenbezogenen Bebauungsplan VB\/90\/18 eingeleitet werden soll. Der Durchf\u00fchrungsvertrag, den der Investor mit der Stadtverwaltung schlie\u00dfen wird, soll zuvor den Aussch\u00fcssen des Stadtrates vorgelegt werden.<\/p>\n<p>Am 7. Oktober 1980 wurde in der Rudolst\u00e4dter Stra\u00dfe 1 das Restaurant &#8222;Plzen&#8220; zum Jahrestag der DDR er\u00f6ffnet. Im Geb\u00e4ude befand sich auch eine Bierstube und ein Saal, im Au\u00dfenbereich eine Terrasse. Wochentags wurde die Einrichtung f\u00fcr die Schulspeisung genutzt, und samstags als Diskothek.<\/p>\n","protected":false},"excerpt":{"rendered":"<div class=\"mh-excerpt\"><p>In Lusan soll das Plzen-Center wiederbelebt werden. Die W. S. Gewerbebau GmbH aus Kirchhasel beabsichtigt, in das dortige Geb\u00e4ude zu investieren. Ein SB-Lebensmitteldiscounter sowie zwei SB-Fachm\u00e4rkte f\u00fcr Drogerie-Artikel, Fleischwaren, Backwaren, Getr\u00e4nke, Bio-Produkte und Tiernahrung sollen <a class=\"mh-excerpt-more\" href=\"https:\/\/www.studiogera.de\/001\/2018\/06\/11\/plaene-fuer-die-wiederbelebung-des-plzen-centers\/\" title=\"PL\u00c4NE F\u00dcR DIE WIEDERBELEBUNG DES PLZEN-CENTERS\">[&#8230;]<\/a><\/p>\n<\/div>","protected":false},"author":2,"featured_media":4072,"comment_status":"open","ping_status":"open","sticky":false,"template":"","format":"standard","meta":{"footnotes":""},"categories":[3],"tags":[],"class_list":{"0":"post-4066","1":"post","2":"type-post","3":"status-publish","4":"format-standard","5":"has-post-thumbnail","7":"category-lokal"},"_links":{"self":[{"href":"https:\/\/www.studiogera.de\/001\/wp-json\/wp\/v2\/posts\/4066","targetHints":{"allow":["GET"]}}],"collection":[{"href":"https:\/\/www.studiogera.de\/001\/wp-json\/wp\/v2\/posts"}],"about":[{"href":"https:\/\/www.studiogera.de\/001\/wp-json\/wp\/v2\/types\/post"}],"author":[{"embeddable":true,"href":"https:\/\/www.studiogera.de\/001\/wp-json\/wp\/v2\/users\/2"}],"replies":[{"embeddable":true,"href":"https:\/\/www.studiogera.de\/001\/wp-json\/wp\/v2\/comments?post=4066"}],"version-history":[{"count":4,"href":"https:\/\/www.studiogera.de\/001\/wp-json\/wp\/v2\/posts\/4066\/revisions"}],"predecessor-version":[{"id":4073,"href":"https:\/\/www.studiogera.de\/001\/wp-json\/wp\/v2\/posts\/4066\/revisions\/4073"}],"wp:featuredmedia":[{"embeddable":true,"href":"https:\/\/www.studiogera.de\/001\/wp-json\/wp\/v2\/media\/4072"}],"wp:attachment":[{"href":"https:\/\/www.studiogera.de\/001\/wp-json\/wp\/v2\/media?parent=4066"}],"wp:term":[{"taxonomy":"category","embeddable":true,"href":"https:\/\/www.studiogera.de\/001\/wp-json\/wp\/v2\/categories?post=4066"},{"taxonomy":"post_tag","embeddable":true,"href":"https:\/\/www.studiogera.de\/001\/wp-json\/wp\/v2\/tags?post=4066"}],"curies":[{"name":"wp","href":"https:\/\/api.w.org\/{rel}","templated":true}]}}