{"id":40751,"date":"2026-01-06T20:34:11","date_gmt":"2026-01-06T19:34:11","guid":{"rendered":"https:\/\/www.studiogera.de\/001\/?p=40751"},"modified":"2026-03-10T09:37:12","modified_gmt":"2026-03-10T08:37:12","slug":"auffaellige-aktivitaeten-des-us-militaers","status":"publish","type":"post","link":"https:\/\/www.studiogera.de\/001\/2026\/01\/06\/auffaellige-aktivitaeten-des-us-militaers\/","title":{"rendered":"AUFF\u00c4LLIGE AKTIVIT\u00c4TEN DES US-MILIT\u00c4RS"},"content":{"rendered":"\n<p>Das \u201eFlightradar\u201c des gleichnamigen Stockholmer Flugverkehrsdatenanbieters zeigt auff\u00e4llige Aktivit\u00e4ten von US-Milit\u00e4rflugzeugen. Demnach bewegen sich mehrere schwere US-Transportflugzeuge des Typs C-17A Globemaster III sowie KC-135 Luftbetankungsflugzeuge von den USA zu verschiedenen Luftwaffenst\u00fctzpunkten in Europa.<\/p>\n\n\n\n<p>Laut dem \u201eUK Defence Journal\u201c wurden innerhalb kurzer Zeit etwa zehn C-17-Bewegungen beobachtet. Die meisten starteten von Fort Campbell in Kentucky sowie dem Hunter Army Airfield in Georgia. Mehrere C-17 Globemaster III-Transportflugzeuge sind inzwischen in Gro\u00dfbritannien auf der RAF Fairford angekommen, zwei AC-130-Kampfflugzeuge auf der RAF Mildenhall. Der St\u00fctzpunkt RAF Fairford ist der einige in Europa, welcher f\u00fcr schwere Bomber der US-Luftwaffe ausgelegt ist.<\/p>\n\n\n\n<p><a href=\"https:\/\/ukdefencejournal.org.uk\/u-s-special-operations-units-transit-uk-en-route-to-europe\">https:\/\/ukdefencejournal.org.uk\/u-s-special-operations-units-transit-uk-en-route-to-europe<\/a><\/p>\n\n\n\n<p>Die beteiligten Flugzeugtypen, die Abflugorte und die Flugrouten deuten auf die Verlegung von Spezialeinsatzkr\u00e4ften hin, schreiben die Autoren weiter. Frei zug\u00e4ngliche Bild- und Flugdaten legen die Beteiligung von Einheiten des 160. Special Operations Aviation Regiment nahe.<\/p>\n\n\n\n<p>\u00c4hnliche Zunahmen der C-17-Aktivit\u00e4ten auf dem St\u00fctzpunkt wurden im Vorfeld der US-Angriffe auf iranische Atomanlagen im Juni 2025 beobachtet, erkl\u00e4rt das \u201eUK Defence Journal\u201c. Auch die j\u00fcngste Sperrung des Luftraumes \u00fcber Griechenland k\u00f6nnte ein Hinweis auf milit\u00e4rische Vorbereitungen f\u00fcr einen Schlag gegen den Iran sein. Mehrere Indizien sprechen daf\u00fcr, dass die Aktivit\u00e4ten nicht der Nato-\u00dcbung \u201eSteadfast Dart\u201c zuzuordnen sind, die vom 2. Januar 2026 bis 18. M\u00e4rz \u00fcber der Ostsee stattfindet.<\/p>\n","protected":false},"excerpt":{"rendered":"<div class=\"mh-excerpt\"><p>Das \u201eFlightradar\u201c des gleichnamigen Stockholmer Flugverkehrsdatenanbieters zeigt auff\u00e4llige Aktivit\u00e4ten von US-Milit\u00e4rflugzeugen. Demnach bewegen sich mehrere schwere US-Transportflugzeuge des Typs C-17A Globemaster III sowie KC-135 Luftbetankungsflugzeuge von den USA zu verschiedenen Luftwaffenst\u00fctzpunkten in Europa. Laut dem <a class=\"mh-excerpt-more\" href=\"https:\/\/www.studiogera.de\/001\/2026\/01\/06\/auffaellige-aktivitaeten-des-us-militaers\/\" title=\"AUFF\u00c4LLIGE AKTIVIT\u00c4TEN DES US-MILIT\u00c4RS\">[&#8230;]<\/a><\/p>\n<\/div>","protected":false},"author":2,"featured_media":40752,"comment_status":"open","ping_status":"open","sticky":false,"template":"","format":"standard","meta":{"footnotes":""},"categories":[1],"tags":[],"class_list":{"0":"post-40751","1":"post","2":"type-post","3":"status-publish","4":"format-standard","5":"has-post-thumbnail","7":"category-vermischtes"},"_links":{"self":[{"href":"https:\/\/www.studiogera.de\/001\/wp-json\/wp\/v2\/posts\/40751","targetHints":{"allow":["GET"]}}],"collection":[{"href":"https:\/\/www.studiogera.de\/001\/wp-json\/wp\/v2\/posts"}],"about":[{"href":"https:\/\/www.studiogera.de\/001\/wp-json\/wp\/v2\/types\/post"}],"author":[{"embeddable":true,"href":"https:\/\/www.studiogera.de\/001\/wp-json\/wp\/v2\/users\/2"}],"replies":[{"embeddable":true,"href":"https:\/\/www.studiogera.de\/001\/wp-json\/wp\/v2\/comments?post=40751"}],"version-history":[{"count":4,"href":"https:\/\/www.studiogera.de\/001\/wp-json\/wp\/v2\/posts\/40751\/revisions"}],"predecessor-version":[{"id":41743,"href":"https:\/\/www.studiogera.de\/001\/wp-json\/wp\/v2\/posts\/40751\/revisions\/41743"}],"wp:featuredmedia":[{"embeddable":true,"href":"https:\/\/www.studiogera.de\/001\/wp-json\/wp\/v2\/media\/40752"}],"wp:attachment":[{"href":"https:\/\/www.studiogera.de\/001\/wp-json\/wp\/v2\/media?parent=40751"}],"wp:term":[{"taxonomy":"category","embeddable":true,"href":"https:\/\/www.studiogera.de\/001\/wp-json\/wp\/v2\/categories?post=40751"},{"taxonomy":"post_tag","embeddable":true,"href":"https:\/\/www.studiogera.de\/001\/wp-json\/wp\/v2\/tags?post=40751"}],"curies":[{"name":"wp","href":"https:\/\/api.w.org\/{rel}","templated":true}]}}