{"id":4085,"date":"2018-06-12T17:45:53","date_gmt":"2018-06-12T15:45:53","guid":{"rendered":"http:\/\/www.studiogera.de\/001\/?p=4085"},"modified":"2018-06-12T17:45:53","modified_gmt":"2018-06-12T15:45:53","slug":"treffen-zur-entwicklung-der-geraer-innenstadt","status":"publish","type":"post","link":"https:\/\/www.studiogera.de\/001\/2018\/06\/12\/treffen-zur-entwicklung-der-geraer-innenstadt\/","title":{"rendered":"TREFFEN ZUR ENTWICKLUNG DER GERAER INNENSTADT"},"content":{"rendered":"<p>Die Entwicklung der Innenstadt muss weiter vorangetrieben werden, damit Gera auch in Zukunft wettbewerbsf\u00e4hig bleibt. Beim \u00f6ffentlichen Jahrestreffen der b\u00fcrgerschaftlich-wirtschaftlichen Initiative \u201eJa &#8211; f\u00fcr Gera e. V.\u201c im Kultur- und Kongresszentrum wurde intensiv beleuchtet, wie f\u00fcr Geras Innenstadt, unter den Bedingungen des demografischen und technologischen Wandels, das historisch Wertvolle aufgenommen, neues formuliert und in die Zukunft getragen werden kann.<\/p>\n<p>Zu Beginn der Veranstaltung konnten die knapp 100 Teilnehmer im Foyer des KUK einen musikalische Darbietung der Sch\u00fcler der Musikspezialklassen des Rutheneums genie\u00dfen und bei lockeren Gespr\u00e4chen den Abend beginnen. Weiter ging es im Gro\u00dfen Saal mit dem inhaltlichen Teil unter dem Motto \u201eZukunft Innenstadt \u2013 Gersche Meile 2030\u201c, der durch Volker Tauchert, Vorsitzender von \u201eJa \u2013 f\u00fcr Gera\u201c er\u00f6ffnet und moderiert wurde.<\/p>\n<p>Dr. Tanja Korzer, gesch\u00e4ftsf\u00fchrende akademische Assistentin des Institutes f\u00fcr Stadtentwicklung und Bauwirtschaft an der Universit\u00e4t Leipzig, trug Ideen und Konzepte zu Innenst\u00e4dten im Umbruch vor. Urbanit\u00e4t und Leben in der Stadt hob sie als wesentliche Faktoren f\u00fcr eine Innenstadt hervor. Tendenziell verl\u00f6re der Einzelhandel immer mehr an seiner Leitfunktion f\u00fcr die Innenstadt, im Gegenzug w\u00fcrden Gastronomie, Dienstleistungen und Tourismus immer wichtiger werden und auch der \u00f6ffentliche Raum gew\u00e4nne als Erlebnis- und Begegnungsraum immer mehr an Bedeutung. Um eine Innenstadt attraktiver zu machen, m\u00fcssten neue Allianzen eingegangen werden, neue Nutzungen seien notwendig, ebenso wie neue Vernetzungen und neue Verantwortung.<\/p>\n<p>Als n\u00e4chstes beleuchtete Gunnar Hoffmann, Gesch\u00e4ftsf\u00fchrer der Dresdner L\u00fcning Ladenbau GmbH, zuk\u00fcnftige Stadt- und Handelsstrukturen. Er stellte Trends f\u00fcr den station\u00e4ren Einzelhandel vor, wie zum Beispiel virtuelle Einkaufswelten, Augmented Reality, Showrooming, Nachhaltigkeit, Fairtrade und Robotik. F\u00fcr eine attraktive Innenstadt m\u00fcsse man sich vor allem den innerst\u00e4dtischen Handelsfl\u00e4chen widmen. Dabei sollte die Stadtverwaltung zum Dienstleister werden. Au\u00dferdem m\u00fcsse man den Freizeitwert erh\u00f6hen, Barrieren abbauen und Stadtr\u00e4ume schaffen. Wenn eine Stadt sch\u00f6n ist, so w\u00fcrde sie von innen nach au\u00dfen gl\u00e4nzen. Dabei sollten Stadtmarketing, Citymanager und Wirtschaftsf\u00f6rderung an einem Strang ziehen.<\/p>\n<p>Daran anschlie\u00dfend pr\u00e4sentierte Volker Tauchert mit eindrucksvollen Bildern die Schokoladenseite von Gera zwischen Osterstein und Theater, Heinrichsgr\u00fcn und Naumannplatz und zeigte so die Vielfalt der \u201eGerschen Meile\u201c. Danach sprach Herr Tauchert \u00fcber die City von Gera. Der Bereich zwischen Bahnhof und Kornmarkt, Zschochern und Gera-Arcaden habe bereits eine hohe Qualit\u00e4t, allerdings gibt es aber hier auch noch viel Entwicklungspotential. Die Innenstadt m\u00fcsse Angebote bereithalten, um die Leute in die City zu ziehen und auch zu halten. Gera fehle es manchmal noch an der inneren Kraft und diese solle mit dem Projekt \u201eGeras Neue Mitte\u201c und neuen Aufgaben an Sorge, Zschochernplatz und Humboldtstra\u00dfe wieder zur\u00fcckgebracht werden. Angereichert wurden die Ausf\u00fchrungen Taucherts von Projekttr\u00e4gern, Ideengebern und Machern zu gegenw\u00e4rtigen Bedingungen, Entwicklungserfordernissen und n\u00e4chsten Schritten. Herr Tauchert konnte mit seinen Ausf\u00fchrungen zeigen, was Gera f\u00fcr eine tolle Stadt ist, aber auch, was noch getan werden m\u00fcsse, um die Erwartungen an eine Innenstadt zu erf\u00fcllen.<\/p>\n<p>Konrad Steinbrecht vom Fachgebiet Stadtplanung der Stadtverwaltung Gera zeigte anschlie\u00dfend die Sicht des Dezernats Bau und Umwelt auf und stimmte Herrn Tauchert zu, dass Gera eine sch\u00f6ne Innenstadt habe, die es weiter zu entwickeln und geschickt zu vermarkten gilt. Mit dem Projekt \u201eGeras Neue Mitte\u201c solle dies erreicht werden und \u201eaus der L\u00fccke eine Br\u00fccke gemacht werden\u201c. Zum Abschluss des inhaltlichen Teils dieser Veranstaltung informierte Thomas Leidel, Verantwortlicher des Projektes \u201eGeras Neue Mitte\u201c aus der Stadtverwaltung, zum Projektstand und berichtete aktuell dar\u00fcber, dass es seit Anfang Mai den Rahmenplan \u201eplus\u201c Geras Neue Mitte gibt, \u00fcber den der Stadtrat demn\u00e4chst abstimmen werde. <\/p>\n<p>Julian Vonarb, der seit vielen Jahren die Initiative unterst\u00fctzt, zu Beginn im Rahmen seiner T\u00e4tigkeit bei der Commerzbank und sp\u00e4ter in der Rolle als privater F\u00f6rderer als Sprecher der Arbeitsgruppe Investition \u201eGeras Neue Mitte\u201c, hob hervor, dass f\u00fcr die Entwicklung der Innenstadt sowohl Geras Neue Mitte als auch der Bereich Zschochern\/Sorge untrennbar zusammengeh\u00f6ren und gemeinsam angegangen werden m\u00fcssen.<\/p>\n<p>Nach den Beitr\u00e4gen konnten alle Anwesenden den einen oder anderen Punkt im Foyer des KUK beim \u201eget-together\u201c vertiefen. So fand der Abend einen runden Abschluss.<\/p>\n<p>QUELLE: STADTVERWALTUNG<\/p>\n","protected":false},"excerpt":{"rendered":"<div class=\"mh-excerpt\"><p>Die Entwicklung der Innenstadt muss weiter vorangetrieben werden, damit Gera auch in Zukunft wettbewerbsf\u00e4hig bleibt. Beim \u00f6ffentlichen Jahrestreffen der b\u00fcrgerschaftlich-wirtschaftlichen Initiative \u201eJa &#8211; f\u00fcr Gera e. V.\u201c im Kultur- und Kongresszentrum wurde intensiv beleuchtet, wie <a class=\"mh-excerpt-more\" href=\"https:\/\/www.studiogera.de\/001\/2018\/06\/12\/treffen-zur-entwicklung-der-geraer-innenstadt\/\" title=\"TREFFEN ZUR ENTWICKLUNG DER GERAER INNENSTADT\">[&#8230;]<\/a><\/p>\n<\/div>","protected":false},"author":2,"featured_media":4087,"comment_status":"open","ping_status":"open","sticky":false,"template":"","format":"standard","meta":{"footnotes":""},"categories":[3],"tags":[],"class_list":{"0":"post-4085","1":"post","2":"type-post","3":"status-publish","4":"format-standard","5":"has-post-thumbnail","7":"category-lokal"},"_links":{"self":[{"href":"https:\/\/www.studiogera.de\/001\/wp-json\/wp\/v2\/posts\/4085","targetHints":{"allow":["GET"]}}],"collection":[{"href":"https:\/\/www.studiogera.de\/001\/wp-json\/wp\/v2\/posts"}],"about":[{"href":"https:\/\/www.studiogera.de\/001\/wp-json\/wp\/v2\/types\/post"}],"author":[{"embeddable":true,"href":"https:\/\/www.studiogera.de\/001\/wp-json\/wp\/v2\/users\/2"}],"replies":[{"embeddable":true,"href":"https:\/\/www.studiogera.de\/001\/wp-json\/wp\/v2\/comments?post=4085"}],"version-history":[{"count":1,"href":"https:\/\/www.studiogera.de\/001\/wp-json\/wp\/v2\/posts\/4085\/revisions"}],"predecessor-version":[{"id":4088,"href":"https:\/\/www.studiogera.de\/001\/wp-json\/wp\/v2\/posts\/4085\/revisions\/4088"}],"wp:featuredmedia":[{"embeddable":true,"href":"https:\/\/www.studiogera.de\/001\/wp-json\/wp\/v2\/media\/4087"}],"wp:attachment":[{"href":"https:\/\/www.studiogera.de\/001\/wp-json\/wp\/v2\/media?parent=4085"}],"wp:term":[{"taxonomy":"category","embeddable":true,"href":"https:\/\/www.studiogera.de\/001\/wp-json\/wp\/v2\/categories?post=4085"},{"taxonomy":"post_tag","embeddable":true,"href":"https:\/\/www.studiogera.de\/001\/wp-json\/wp\/v2\/tags?post=4085"}],"curies":[{"name":"wp","href":"https:\/\/api.w.org\/{rel}","templated":true}]}}