{"id":4092,"date":"2018-06-14T12:09:24","date_gmt":"2018-06-14T10:09:24","guid":{"rendered":"http:\/\/www.studiogera.de\/001\/?p=4092"},"modified":"2018-06-14T12:09:24","modified_gmt":"2018-06-14T10:09:24","slug":"gmd-wagner-kuendigt-seinen-abschied-an","status":"publish","type":"post","link":"https:\/\/www.studiogera.de\/001\/2018\/06\/14\/gmd-wagner-kuendigt-seinen-abschied-an\/","title":{"rendered":"GMD WAGNER K\u00dcNDIGT SEINEN ABSCHIED AN"},"content":{"rendered":"<p>Generalmusikdirektor Laurent Wagner k\u00fcndigte dem Philharmonischen Orchester Altenburg-Gera am 12. Juni 2018 an, dass er zum Ende der Spielzeit 2019\/2020 sein Engagement bei Theater &amp; Philharmonie Th\u00fcringen beenden wird. Der jetzt 58-j\u00e4hrige will nach dann sieben sehr intensiven Jahren in Ostth\u00fcringen einen neuen Abschnitt sowohl f\u00fcr sich, als auch f\u00fcr das Haus erwirken. Weiterhin f\u00fchrte er aus, dass er dankbar f\u00fcr die vielen sch\u00f6nen, interessanten und sehr vielf\u00e4ltigen Aufgaben sei, sowie f\u00fcr die zahlreichen Anregungen, die ihm bis heute zuteil wurden. So solle es sein: ein organisches Geben und Nehmen.<\/p>\n<p>Generalintendant Kay Kuntze respektierte diese Entscheidung mit Worten des Dankes f\u00fcr die vielen k\u00fcnstlerischen H\u00f6hepunkte, die Laurent Wagner in den vergangenen Jahren in Altenburg und Gera erarbeitet hat, wie zuletzt die auch international hochgelobte Produktion der Oper Oedipe.<\/p>\n<p>Kuntze weiter: \u201eDie fr\u00fche Ank\u00fcndigung seines Fortgangs erm\u00f6glicht uns, mit Ruhe und der n\u00f6tigen Sorgfalt einen Nachfolger zu finden, der zu uns passt. Aber jetzt freue ich mich erst einmal auf die beiden noch vor uns liegenden gemeinsamen Spielzeiten.\u201c<\/p>\n<p>BILD UND TEXT: THEATER UND PHILHARMONIE TH\u00dcRINGEN GMBH<\/p>\n","protected":false},"excerpt":{"rendered":"<div class=\"mh-excerpt\"><p>Generalmusikdirektor Laurent Wagner k\u00fcndigte dem Philharmonischen Orchester Altenburg-Gera am 12. Juni 2018 an, dass er zum Ende der Spielzeit 2019\/2020 sein Engagement bei Theater &amp; Philharmonie Th\u00fcringen beenden wird. Der jetzt 58-j\u00e4hrige will nach dann <a class=\"mh-excerpt-more\" href=\"https:\/\/www.studiogera.de\/001\/2018\/06\/14\/gmd-wagner-kuendigt-seinen-abschied-an\/\" title=\"GMD WAGNER K\u00dcNDIGT SEINEN ABSCHIED AN\">[&#8230;]<\/a><\/p>\n<\/div>","protected":false},"author":2,"featured_media":4093,"comment_status":"open","ping_status":"open","sticky":false,"template":"","format":"standard","meta":{"footnotes":""},"categories":[15],"tags":[],"class_list":{"0":"post-4092","1":"post","2":"type-post","3":"status-publish","4":"format-standard","5":"has-post-thumbnail","7":"category-theater"},"_links":{"self":[{"href":"https:\/\/www.studiogera.de\/001\/wp-json\/wp\/v2\/posts\/4092","targetHints":{"allow":["GET"]}}],"collection":[{"href":"https:\/\/www.studiogera.de\/001\/wp-json\/wp\/v2\/posts"}],"about":[{"href":"https:\/\/www.studiogera.de\/001\/wp-json\/wp\/v2\/types\/post"}],"author":[{"embeddable":true,"href":"https:\/\/www.studiogera.de\/001\/wp-json\/wp\/v2\/users\/2"}],"replies":[{"embeddable":true,"href":"https:\/\/www.studiogera.de\/001\/wp-json\/wp\/v2\/comments?post=4092"}],"version-history":[{"count":1,"href":"https:\/\/www.studiogera.de\/001\/wp-json\/wp\/v2\/posts\/4092\/revisions"}],"predecessor-version":[{"id":4094,"href":"https:\/\/www.studiogera.de\/001\/wp-json\/wp\/v2\/posts\/4092\/revisions\/4094"}],"wp:featuredmedia":[{"embeddable":true,"href":"https:\/\/www.studiogera.de\/001\/wp-json\/wp\/v2\/media\/4093"}],"wp:attachment":[{"href":"https:\/\/www.studiogera.de\/001\/wp-json\/wp\/v2\/media?parent=4092"}],"wp:term":[{"taxonomy":"category","embeddable":true,"href":"https:\/\/www.studiogera.de\/001\/wp-json\/wp\/v2\/categories?post=4092"},{"taxonomy":"post_tag","embeddable":true,"href":"https:\/\/www.studiogera.de\/001\/wp-json\/wp\/v2\/tags?post=4092"}],"curies":[{"name":"wp","href":"https:\/\/api.w.org\/{rel}","templated":true}]}}