{"id":40937,"date":"2026-01-19T02:08:08","date_gmt":"2026-01-19T01:08:08","guid":{"rendered":"https:\/\/www.studiogera.de\/001\/?p=40937"},"modified":"2026-01-19T02:08:10","modified_gmt":"2026-01-19T01:08:10","slug":"pinoccios-fantastische-reise-auf-der-buehne-im-puppentheater","status":"publish","type":"post","link":"https:\/\/www.studiogera.de\/001\/2026\/01\/19\/pinoccios-fantastische-reise-auf-der-buehne-im-puppentheater\/","title":{"rendered":"PINOCCIOS FANTASTISCHE REISE AUF DER B\u00dcHNE IM PUPPENTHEATER"},"content":{"rendered":"\n<p>Im Jahr 1881 ver\u00f6ffentlichte Carlo Collodi seine Geschichten um die lebendige Holzpuppe Pinocchio, die auf eine fantastische Reise ger\u00e4t, in einer italienischen Wochenzeitung. Den Welterfolg, den sein kurz darauf in Buchform erschienener Roman im 20. Jahrhundert feiern sollte, erlebte der Autor nicht mehr. Die von ihm erfundenen Motive und Figuren jedoch kennt bis heute fast jedes Kind.<\/p>\n\n\n\n<p>Auf die B\u00fchne des Puppentheaters Gera gebracht wird das Puppentheaterst\u00fcck um die tapfere Holzpuppe erstmals am Samstag, den 7. Februar 2026, um 15 Uhr von Regisseur Matthias Thieme, den das Geraer Publikum u. a. aus der Produktion \u201eMein ziemlich seltsamer Freund Walter\u201c kennt. In seiner neuen Inszenierung sp\u00fcrt er den kleinen und gro\u00dfen philosophischen Fragen nach, die der wackeren Puppe auf der abenteuerlichen Reise begegnen. Das St\u00fcck ist Familien und Kinder ab sieben Jahren geeignet.<\/p>\n\n\n\n<p>Eine weitere Auff\u00fchrung f\u00fcr Familien wird am Samstag, den 14. Februar 2026, um 15 Uhr im Puppentheater am Gustav-Hennig-Platz angeboten.<\/p>\n\n\n\n<p>Eintrittskarten sind an den Theaterkassen sowie \u00fcber die Webseite des Theaters erh\u00e4ltlich. Diese sind unter der Rufnummer 0365 8279105 bzw. 03447 585160 sowie \u00fcber \u201ehttps:\/\/theater-altenburg-gera.de\/\u201d erreichbar.<\/p>\n\n\n\n<p>QUELLE: THEATER ALTENBURG GERA GGMBH<\/p>\n","protected":false},"excerpt":{"rendered":"<div class=\"mh-excerpt\"><p>Im Jahr 1881 ver\u00f6ffentlichte Carlo Collodi seine Geschichten um die lebendige Holzpuppe Pinocchio, die auf eine fantastische Reise ger\u00e4t, in einer italienischen Wochenzeitung. Den Welterfolg, den sein kurz darauf in Buchform erschienener Roman im 20. <a class=\"mh-excerpt-more\" href=\"https:\/\/www.studiogera.de\/001\/2026\/01\/19\/pinoccios-fantastische-reise-auf-der-buehne-im-puppentheater\/\" title=\"PINOCCIOS FANTASTISCHE REISE AUF DER B\u00dcHNE IM PUPPENTHEATER\">[&#8230;]<\/a><\/p>\n<\/div>","protected":false},"author":2,"featured_media":40938,"comment_status":"open","ping_status":"open","sticky":false,"template":"","format":"standard","meta":{"footnotes":""},"categories":[15],"tags":[],"class_list":{"0":"post-40937","1":"post","2":"type-post","3":"status-publish","4":"format-standard","5":"has-post-thumbnail","7":"category-theater"},"_links":{"self":[{"href":"https:\/\/www.studiogera.de\/001\/wp-json\/wp\/v2\/posts\/40937","targetHints":{"allow":["GET"]}}],"collection":[{"href":"https:\/\/www.studiogera.de\/001\/wp-json\/wp\/v2\/posts"}],"about":[{"href":"https:\/\/www.studiogera.de\/001\/wp-json\/wp\/v2\/types\/post"}],"author":[{"embeddable":true,"href":"https:\/\/www.studiogera.de\/001\/wp-json\/wp\/v2\/users\/2"}],"replies":[{"embeddable":true,"href":"https:\/\/www.studiogera.de\/001\/wp-json\/wp\/v2\/comments?post=40937"}],"version-history":[{"count":1,"href":"https:\/\/www.studiogera.de\/001\/wp-json\/wp\/v2\/posts\/40937\/revisions"}],"predecessor-version":[{"id":40939,"href":"https:\/\/www.studiogera.de\/001\/wp-json\/wp\/v2\/posts\/40937\/revisions\/40939"}],"wp:featuredmedia":[{"embeddable":true,"href":"https:\/\/www.studiogera.de\/001\/wp-json\/wp\/v2\/media\/40938"}],"wp:attachment":[{"href":"https:\/\/www.studiogera.de\/001\/wp-json\/wp\/v2\/media?parent=40937"}],"wp:term":[{"taxonomy":"category","embeddable":true,"href":"https:\/\/www.studiogera.de\/001\/wp-json\/wp\/v2\/categories?post=40937"},{"taxonomy":"post_tag","embeddable":true,"href":"https:\/\/www.studiogera.de\/001\/wp-json\/wp\/v2\/tags?post=40937"}],"curies":[{"name":"wp","href":"https:\/\/api.w.org\/{rel}","templated":true}]}}