{"id":40941,"date":"2026-01-19T02:33:32","date_gmt":"2026-01-19T01:33:32","guid":{"rendered":"https:\/\/www.studiogera.de\/001\/?p=40941"},"modified":"2026-01-19T02:33:33","modified_gmt":"2026-01-19T01:33:33","slug":"sitzungen-in-der-vierten-kalenderwoche","status":"publish","type":"post","link":"https:\/\/www.studiogera.de\/001\/2026\/01\/19\/sitzungen-in-der-vierten-kalenderwoche\/","title":{"rendered":"SITZUNGEN IN DER VIERTEN KALENDERWOCHE"},"content":{"rendered":"\n<p>Am Montag besch\u00e4ftigt sich der Ausschuss f\u00fcr Bildung unter anderem mit dem Startchancen-Programm und der Schuljahresanfangsstatistik f\u00fcr 2025\/2026. Im Ausschuss f\u00fcr Bau, Umwelt, Verkehr und Liegenschaften steht am Dienstag der Grundsatzbeschluss zur mittelfristigen Infrastruktur- und Kapazit\u00e4tsentwicklung in Kindertageseinrichtungen auf der Tagesordnung, der Bebauungsplan B\/156\/23 Gessentalstra\u00dfe, der Planbereich \u201ePhotovoltaik-Freifl\u00e4chenanlage und Batteriegro\u00dfspeicher Gera-Dorna\u201c, die Einziehung eines Abschnitts des Verbindungsweges zwischen Lobensteiner Stra\u00dfe und Rudolst\u00e4dter Stra\u00dfe und die Fortschreibung der Allgemeinen Vorschrift zur Umsetzung des Deutschlandtickets unter Ber\u00fccksichtigung der fortentwickelten Einnahmenaufteilung Stufe 2 ab dem 1. Januar 2026. Zudem gibt es Informationen zum st\u00e4dtischen Bauhof. Der Ausschuss f\u00fcr Wirtschaft und Stadtentwicklung behandelt am Donnerstag das Fachkr\u00e4ftesicherungskonzept und stellt die Erkenntnisse aus dem ersten Jahr vor. Au\u00dferdem steht das Projekt Smartcity auf der Tagesordnung, das Deutschlandticket, der Bebauungsplan Gessentalstra\u00dfe, der der Planbereich \u201ePhotovoltaik-Freifl\u00e4chenanlage und Batteriegro\u00dfspeicher Gera-Dorna\u201c, der Verzicht auf einen Strafantrag durch den GVB bei \u201eErschleichung von Bef\u00f6rderungsleistungen\u201c, und es gibt Informationen von der Abteilung Wirtschaftsf\u00f6rderung.<\/p>\n\n\n\n<p>In Langenberg findet am Mittwoch, den 21. Januar 2026, 18 Uhr, im Vereinshaus der Privilegierten Sch\u00fctzengesellschaft Gera, Sch\u00fctzenstra\u00dfe 25, eine Einwohnerversammlung statt. Es erscheint der Oberb\u00fcrgermeister.<\/p>\n\n\n\n<p>Alle Termine und Tagesordnungspunkte sind im Amtsblatt der Stadt Gera ver\u00f6ffentlicht.<\/p>\n","protected":false},"excerpt":{"rendered":"<div class=\"mh-excerpt\"><p>Am Montag besch\u00e4ftigt sich der Ausschuss f\u00fcr Bildung unter anderem mit dem Startchancen-Programm und der Schuljahresanfangsstatistik f\u00fcr 2025\/2026. Im Ausschuss f\u00fcr Bau, Umwelt, Verkehr und Liegenschaften steht am Dienstag der Grundsatzbeschluss zur mittelfristigen Infrastruktur- und <a class=\"mh-excerpt-more\" href=\"https:\/\/www.studiogera.de\/001\/2026\/01\/19\/sitzungen-in-der-vierten-kalenderwoche\/\" title=\"SITZUNGEN IN DER VIERTEN KALENDERWOCHE\">[&#8230;]<\/a><\/p>\n<\/div>","protected":false},"author":2,"featured_media":22603,"comment_status":"open","ping_status":"open","sticky":false,"template":"","format":"standard","meta":{"footnotes":""},"categories":[16],"tags":[],"class_list":{"0":"post-40941","1":"post","2":"type-post","3":"status-publish","4":"format-standard","5":"has-post-thumbnail","7":"category-kurzmitteilungen"},"_links":{"self":[{"href":"https:\/\/www.studiogera.de\/001\/wp-json\/wp\/v2\/posts\/40941","targetHints":{"allow":["GET"]}}],"collection":[{"href":"https:\/\/www.studiogera.de\/001\/wp-json\/wp\/v2\/posts"}],"about":[{"href":"https:\/\/www.studiogera.de\/001\/wp-json\/wp\/v2\/types\/post"}],"author":[{"embeddable":true,"href":"https:\/\/www.studiogera.de\/001\/wp-json\/wp\/v2\/users\/2"}],"replies":[{"embeddable":true,"href":"https:\/\/www.studiogera.de\/001\/wp-json\/wp\/v2\/comments?post=40941"}],"version-history":[{"count":1,"href":"https:\/\/www.studiogera.de\/001\/wp-json\/wp\/v2\/posts\/40941\/revisions"}],"predecessor-version":[{"id":40942,"href":"https:\/\/www.studiogera.de\/001\/wp-json\/wp\/v2\/posts\/40941\/revisions\/40942"}],"wp:featuredmedia":[{"embeddable":true,"href":"https:\/\/www.studiogera.de\/001\/wp-json\/wp\/v2\/media\/22603"}],"wp:attachment":[{"href":"https:\/\/www.studiogera.de\/001\/wp-json\/wp\/v2\/media?parent=40941"}],"wp:term":[{"taxonomy":"category","embeddable":true,"href":"https:\/\/www.studiogera.de\/001\/wp-json\/wp\/v2\/categories?post=40941"},{"taxonomy":"post_tag","embeddable":true,"href":"https:\/\/www.studiogera.de\/001\/wp-json\/wp\/v2\/tags?post=40941"}],"curies":[{"name":"wp","href":"https:\/\/api.w.org\/{rel}","templated":true}]}}