{"id":40943,"date":"2026-01-19T03:20:00","date_gmt":"2026-01-19T02:20:00","guid":{"rendered":"https:\/\/www.studiogera.de\/001\/?p=40943"},"modified":"2026-01-19T03:20:02","modified_gmt":"2026-01-19T02:20:02","slug":"vogtland-praesentiert-markenstrategie","status":"publish","type":"post","link":"https:\/\/www.studiogera.de\/001\/2026\/01\/19\/vogtland-praesentiert-markenstrategie\/","title":{"rendered":"VOGTLAND PR\u00c4SENTIERT MARKENSTRATEGIE"},"content":{"rendered":"\n<p>Ein neues Video ist ver\u00f6ffentlicht worden, welches deutlich macht, was den laufenden Standortmarkenprozess im Vogtland auszeichnet: breite Beteiligung, verbindende Werte und eine klare Vision f\u00fcr die Zukunft. Mit diesem neuen Video soll nicht nur informiert, sondern auch motiviert werden: Denn die Marke Vogtland lebt von der Beteiligung vieler. Bereits 389 Markenpartner engagieren sich aktiv, darunter Handwerksbetriebe, Industrieunternehmen, Kommunen, soziale Einrichtungen, Pflegedienste, Bildungsinstitutionen, Direktvermarkter, Tourismusbetriebe und viele mehr. Allein im Jahr 2025 kamen 54 neue Partner hinzu.<\/p>\n\n\n\n<p><a href=\"https:\/\/www.vogtland-tourismus.de\/markenbotschafter-werden\">https:\/\/www.vogtland-tourismus.de\/markenbotschafter-werden<\/a><\/p>\n\n\n\n<p>Jede neue Partnerschaft st\u00e4rkt die Sichtbarkeit der Marke mit positiven Effekten f\u00fcr Fachkr\u00e4ftegewinnung, Zuzug, Unternehmensansiedlung und das Image der Region insgesamt. Der Markenprozess ist kein abgeschlossenes Projekt, sondern eine Einladung zur Mitgestaltung. Unter der Markenbotschaft \u201eDas Vogtland verbindet\u201c zeigt das Leitbild eine starke Identit\u00e4t, die \u00fcber Landesgrenzen hinaus Orientierung schafft und die durch gemeinsames Handeln mit Leben gef\u00fcllt wird.<\/p>\n\n\n\n<p><a href=\"https:\/\/www.youtube.com\/watch?v=I__G2z-ODL8\">https:\/\/www.youtube.com\/watch?v=I__G2z-ODL8<\/a><\/p>\n\n\n\n<p>Bei einer feierlichen Veranstaltung in der IHK Plauen am 4. November 2025 wurde das neue Markenleitbild f\u00fcr den Standort Vogtland \u00f6ffentlich pr\u00e4sentiert \u2013 ein Meilenstein f\u00fcr die l\u00e4nder\u00fcbergreifende Entwicklung der Region als Lebens-, Wirtschafts- und Tourismusraum.<\/p>\n\n\n\n<p>Die Pr\u00e4sentation markierte den vorl\u00e4ufigen H\u00f6hepunkt des l\u00e4nder\u00fcbergreifenden Entwicklungsprozesses. Rund 120 Vertreter aus Wirtschaft, Verwaltung, Ehrenamt, Tourismus, Bildung und Kultur waren vor Ort, um das neue Leitbild kennenzulernen \u2013 und mit Leben zu f\u00fcllen. Auf dem Podium wie im Publikum wurde deutlich: Die Identit\u00e4t des Vogtlands ist stark \u2013 und sie w\u00e4chst durch Zusammenarbeit.<\/p>\n\n\n\n<p>Dass der Prozess politisch auf breite Unterst\u00fctzung trifft, wurde bei der Veranstaltung ebenfalls deutlich. Thomas Hennig, Landrat des Vogtlandkreises, betonte in seiner Rede, wie zentral das abgestimmte Vorgehen f\u00fcr die Region ist:<\/p>\n\n\n\n<blockquote class=\"wp-block-quote is-layout-flow wp-block-quote-is-layout-flow\">\n<p>\u201eEs ist wichtig, l\u00e4nder\u00fcbergreifend f\u00fcr den Standort Vogtland zu agieren und zu wirken. Gerade um Unternehmen beim Thema Fachkr\u00e4ftemangel zu unterst\u00fctzen, ist der Markenprozess eine wichtige Ma\u00dfnahme.\u201c<\/p>\n<\/blockquote>\n\n\n\n<p>Im Jahr 2025 wurde intensiv daran gearbeitet, die Vielfalt des Vogtlands in einem gemeinsamen Leitbild zu b\u00fcndeln. Aufbauend auf Workshops, Befragungen und der Markenklausur entstand ein markenstrategisches Fundament mit klaren Werten: Gemeinschaft und Familie, Agilit\u00e4t, K\u00f6nnerschaft sowie Integrit\u00e4t und Naturliebe.<\/p>\n\n\n\n<p>Auch Dr. Ulli Sch\u00e4fer, Landrat des Landkreises Greiz, unterstrich die strategische Relevanz dieses Vorgehens:<\/p>\n\n\n\n<blockquote class=\"wp-block-quote is-layout-flow wp-block-quote-is-layout-flow\">\n<p>\u201eWir m\u00fcssen die Markenbildung \u00fcber politische Grenzen hinweg forcieren, um eine h\u00f6here Bekanntheit zu erreichen. Die starke Identit\u00e4t, die wir im Vogtland bereits leben, k\u00f6nnen wir so noch sichtbarer machen.\u201c<\/p>\n<\/blockquote>\n\n\n\n<p>Ein zentraler Bestandteil des Markenleitbildes ist der Gedanke, Kr\u00e4fte zu b\u00fcndeln \u2013 sowohl inhaltlich als auch strukturell. Die Marke soll als verbindendes Dach fungieren, das Kooperationen erm\u00f6glicht und neue Impulse setzt. Diesen Gedanken griff auch Kurt Dannenberg, Oberb\u00fcrgermeister der Stadt Gera, auf:<\/p>\n\n\n\n<blockquote class=\"wp-block-quote is-layout-flow wp-block-quote-is-layout-flow\">\n<p>\u201eEs gilt, unsere Kr\u00e4fte zu b\u00fcndeln, um Synergien zu schaffen und gemeinsam aufzutreten \u2013 die Marke bietet uns daf\u00fcr ein solides Fundament.\u201c<\/p>\n<\/blockquote>\n\n\n\n<p>Wie sich das in der Praxis zeigt, verdeutlichte Steffen Zenner, Oberb\u00fcrgermeister der Stadt Plauen, anhand eines konkreten Projekts:<\/p>\n\n\n\n<blockquote class=\"wp-block-quote is-layout-flow wp-block-quote-is-layout-flow\">\n<p>\u201eDer Markenprozess zeigt sich bereits in der Umsetzung \u2013 ein Beispiel ist der Umbau der Tourist-Information Plauen zu einem Willkommenscenter f\u00fcr das Vogtland. Das ist gelebte Markenstrategie.\u201c<\/p>\n<\/blockquote>\n\n\n\n<p>QUELLE: TOURISMUSVERBAND VOGTLAND<\/p>\n","protected":false},"excerpt":{"rendered":"<div class=\"mh-excerpt\"><p>Ein neues Video ist ver\u00f6ffentlicht worden, welches deutlich macht, was den laufenden Standortmarkenprozess im Vogtland auszeichnet: breite Beteiligung, verbindende Werte und eine klare Vision f\u00fcr die Zukunft. Mit diesem neuen Video soll nicht nur informiert, <a class=\"mh-excerpt-more\" href=\"https:\/\/www.studiogera.de\/001\/2026\/01\/19\/vogtland-praesentiert-markenstrategie\/\" title=\"VOGTLAND PR\u00c4SENTIERT MARKENSTRATEGIE\">[&#8230;]<\/a><\/p>\n<\/div>","protected":false},"author":2,"featured_media":40945,"comment_status":"open","ping_status":"open","sticky":false,"template":"","format":"standard","meta":{"footnotes":""},"categories":[8],"tags":[],"class_list":{"0":"post-40943","1":"post","2":"type-post","3":"status-publish","4":"format-standard","5":"has-post-thumbnail","7":"category-kultur"},"_links":{"self":[{"href":"https:\/\/www.studiogera.de\/001\/wp-json\/wp\/v2\/posts\/40943","targetHints":{"allow":["GET"]}}],"collection":[{"href":"https:\/\/www.studiogera.de\/001\/wp-json\/wp\/v2\/posts"}],"about":[{"href":"https:\/\/www.studiogera.de\/001\/wp-json\/wp\/v2\/types\/post"}],"author":[{"embeddable":true,"href":"https:\/\/www.studiogera.de\/001\/wp-json\/wp\/v2\/users\/2"}],"replies":[{"embeddable":true,"href":"https:\/\/www.studiogera.de\/001\/wp-json\/wp\/v2\/comments?post=40943"}],"version-history":[{"count":1,"href":"https:\/\/www.studiogera.de\/001\/wp-json\/wp\/v2\/posts\/40943\/revisions"}],"predecessor-version":[{"id":40944,"href":"https:\/\/www.studiogera.de\/001\/wp-json\/wp\/v2\/posts\/40943\/revisions\/40944"}],"wp:featuredmedia":[{"embeddable":true,"href":"https:\/\/www.studiogera.de\/001\/wp-json\/wp\/v2\/media\/40945"}],"wp:attachment":[{"href":"https:\/\/www.studiogera.de\/001\/wp-json\/wp\/v2\/media?parent=40943"}],"wp:term":[{"taxonomy":"category","embeddable":true,"href":"https:\/\/www.studiogera.de\/001\/wp-json\/wp\/v2\/categories?post=40943"},{"taxonomy":"post_tag","embeddable":true,"href":"https:\/\/www.studiogera.de\/001\/wp-json\/wp\/v2\/tags?post=40943"}],"curies":[{"name":"wp","href":"https:\/\/api.w.org\/{rel}","templated":true}]}}