{"id":40946,"date":"2026-01-19T03:28:05","date_gmt":"2026-01-19T02:28:05","guid":{"rendered":"https:\/\/www.studiogera.de\/001\/?p=40946"},"modified":"2026-01-19T03:28:06","modified_gmt":"2026-01-19T02:28:06","slug":"pfefferspray-angriff-in-drogeriemarkt","status":"publish","type":"post","link":"https:\/\/www.studiogera.de\/001\/2026\/01\/19\/pfefferspray-angriff-in-drogeriemarkt\/","title":{"rendered":"PFEFFERSPRAY-ANGRIFF IN DROGERIEMARKT"},"content":{"rendered":"\n<p>Am Samstag, den 17. Januar 2026, informierten Mitarbeiter eines Drogeriemarktes am Museumsplatz die Geraer Polizei gegen 8.50 Uhr dar\u00fcber, dass sie soeben von einem unbekannten Mann mit Pfefferspray angegriffen wurden. Die umgehend eingesetzten Streifenwagen verlegten an den Tatort und fahndeten im Nahbereich nach dem markant gekleideten T\u00e4ter. Auf dem zentralen Umsteigeplatz in der Heinrichstra\u00dfe konnte dieser gestellt und vorl\u00e4ufig festgenommen werden. W\u00e4hrend der Festnahme bedrohte und beleidigte der 56-J\u00e4hrige fortw\u00e4hrend die Beamten. Im Laufe der Ermittlungen konnte weiterhin ein Bezug zu einer \u00e4hnlich gelagerten Tat aus der Vorwoche, geschehen am 6. Januar 2026, hergestellt werden. Der 56-j\u00e4hrige Tatverd\u00e4chtige wurde noch im Laufe des Wochenendes einem Ermittlungsrichter vorgef\u00fchrt. Er muss sich zun\u00e4chst wegen zwei F\u00e4llen der gef\u00e4hrlichen K\u00f6rperverletzung sowie Hausfriedensbruches und desweiteren auch wegen Beleidigung und Bedrohung strafrechtlich verantworten. Die beiden Gesch\u00e4digten, 30 bzw. 52 Jahre alt, wurde vor Ort durch einen Rettungswagen medizinisch versorgt und in der Folge einem Krankenhaus \u00fcberstellt.<\/p>\n","protected":false},"excerpt":{"rendered":"<div class=\"mh-excerpt\"><p>Am Samstag, den 17. Januar 2026, informierten Mitarbeiter eines Drogeriemarktes am Museumsplatz die Geraer Polizei gegen 8.50 Uhr dar\u00fcber, dass sie soeben von einem unbekannten Mann mit Pfefferspray angegriffen wurden. Die umgehend eingesetzten Streifenwagen verlegten <a class=\"mh-excerpt-more\" href=\"https:\/\/www.studiogera.de\/001\/2026\/01\/19\/pfefferspray-angriff-in-drogeriemarkt\/\" title=\"PFEFFERSPRAY-ANGRIFF IN DROGERIEMARKT\">[&#8230;]<\/a><\/p>\n<\/div>","protected":false},"author":2,"featured_media":33258,"comment_status":"open","ping_status":"open","sticky":false,"template":"","format":"standard","meta":{"footnotes":""},"categories":[13],"tags":[],"class_list":{"0":"post-40946","1":"post","2":"type-post","3":"status-publish","4":"format-standard","5":"has-post-thumbnail","7":"category-polizeiberichte"},"_links":{"self":[{"href":"https:\/\/www.studiogera.de\/001\/wp-json\/wp\/v2\/posts\/40946","targetHints":{"allow":["GET"]}}],"collection":[{"href":"https:\/\/www.studiogera.de\/001\/wp-json\/wp\/v2\/posts"}],"about":[{"href":"https:\/\/www.studiogera.de\/001\/wp-json\/wp\/v2\/types\/post"}],"author":[{"embeddable":true,"href":"https:\/\/www.studiogera.de\/001\/wp-json\/wp\/v2\/users\/2"}],"replies":[{"embeddable":true,"href":"https:\/\/www.studiogera.de\/001\/wp-json\/wp\/v2\/comments?post=40946"}],"version-history":[{"count":1,"href":"https:\/\/www.studiogera.de\/001\/wp-json\/wp\/v2\/posts\/40946\/revisions"}],"predecessor-version":[{"id":40947,"href":"https:\/\/www.studiogera.de\/001\/wp-json\/wp\/v2\/posts\/40946\/revisions\/40947"}],"wp:featuredmedia":[{"embeddable":true,"href":"https:\/\/www.studiogera.de\/001\/wp-json\/wp\/v2\/media\/33258"}],"wp:attachment":[{"href":"https:\/\/www.studiogera.de\/001\/wp-json\/wp\/v2\/media?parent=40946"}],"wp:term":[{"taxonomy":"category","embeddable":true,"href":"https:\/\/www.studiogera.de\/001\/wp-json\/wp\/v2\/categories?post=40946"},{"taxonomy":"post_tag","embeddable":true,"href":"https:\/\/www.studiogera.de\/001\/wp-json\/wp\/v2\/tags?post=40946"}],"curies":[{"name":"wp","href":"https:\/\/api.w.org\/{rel}","templated":true}]}}