{"id":40953,"date":"2026-01-19T14:45:28","date_gmt":"2026-01-19T13:45:28","guid":{"rendered":"https:\/\/www.studiogera.de\/001\/?p=40953"},"modified":"2026-01-19T14:45:29","modified_gmt":"2026-01-19T13:45:29","slug":"stadt-gera-erarbeitet-neuen-schulnetzplan","status":"publish","type":"post","link":"https:\/\/www.studiogera.de\/001\/2026\/01\/19\/stadt-gera-erarbeitet-neuen-schulnetzplan\/","title":{"rendered":"STADT GERA ERARBEITET NEUEN SCHULNETZPLAN"},"content":{"rendered":"\n<p>Die Stadt Gera erarbeitet derzeit den Schulnetzplan f\u00fcr die Schuljahre 2027\/2028 bis 2031\/2032. Dar\u00fcber informierte die Dezernentin f\u00fcr Soziales, Jugend und Kultur, Sandra Wanzar. Hierzu h\u00e4tten im vergangenen Jahr mehrere Treffen mit Vertretern des Ausschusses f\u00fcr Bildung im Geraer Stadtrat, des Staatlichen Schulamtes Ostth\u00fcringen und verschiedener Bereiche der Stadtverwaltung sattgefunden. Der Entwurf des umfangreichen Planes, der auf alle Schulstandorte der Stadt eingeht und den k\u00fcnftigen Bedarf ausweist, soll im ersten Quartal dieses Jahres vorliegen und anschlie\u00dfend mit Kammern, Nachbarschultr\u00e4gern, Schulamt und verschiedenen politischen Gremien abgestimmt werden. Nach Beratungen in den Aussch\u00fcssen des Stadtrates und der Ortsteilr\u00e4te sei in etwa einem Jahr die Beschlussfassung durch den Stadtrat vorgesehen.<\/p>\n\n\n\n<p>Der neue Schulnetzplan werde von konsolidierenden Sch\u00fclerzahlen und vielen abgeschlossenen oder laufenden Schulbau- und Schulsanierungsma\u00dfnahmen gepr\u00e4gt, erkl\u00e4rte die Dezernentin. Beispielhaft verwies sie auf das Gymnasium Rutheneum, die Ostschule, das Karl-Theodor-Liebe-Gymnasium und die derzeitigen Bauma\u00dfnahmen am Bildungscampus Lusan und dem Standort 2 des Zabel-Gymnasiums.<\/p>\n\n\n\n<p>Mit diesen Investitionen leiste die Stadt, ebenso wie mit dem Sanierungsprogramm f\u00fcr Schulsporthallen, zugleich einen wichtigen Beitrag zur Stadtentwicklung. Wanzar erkl\u00e4rte:<\/p>\n\n\n\n<blockquote class=\"wp-block-quote is-layout-flow wp-block-quote-is-layout-flow\">\n<p>\u201eDie Stadt Gera hat sich als Schultr\u00e4ger \u00fcber viele Jahre f\u00fcr den Erhalt und die Herstellung zeitgem\u00e4\u00dfer Lehr- und Lernbedingungen an den Schulen engagiert. Durch dieses Engagement kann der Unterricht an den Schulen der Stadt Gera in modernen, oft stadtbildpr\u00e4genden Geb\u00e4uden gestaltet werden. Viele Schulen sind mit ihrer markanten Erscheinung Anziehungs- und Blickpunkte auch f\u00fcr andere sozialr\u00e4umliche Nutzungen im Stadtgebiet und Identifikationsanker der Bewohner.\u201c<\/p>\n<\/blockquote>\n\n\n\n<p>Die f\u00fcr den Betrachtungszeitraum des neuen Schulnetzplanes prognostizierte Entspannung der Sch\u00fclerzahlen k\u00f6nne dazu beitragen, den Unterricht noch besser auf individuelle Bed\u00fcrfnisse auszurichten und Bildungsbiografien erfolgreich zu gestalten. Die Stadt Gera werde diesen Prozess als Schultr\u00e4ger weiterhin durch zeitgem\u00e4\u00dfe Ausstattung und sonstige Ma\u00dfnahmen der Qualit\u00e4tssicherung begleiten, f\u00fcr die auch F\u00f6rderprogramme wie das Startchancen-Programm genutzt werden.<\/p>\n\n\n\n<p>QUELLE: STADTVERWALTUNG<\/p>\n","protected":false},"excerpt":{"rendered":"<div class=\"mh-excerpt\"><p>Die Stadt Gera erarbeitet derzeit den Schulnetzplan f\u00fcr die Schuljahre 2027\/2028 bis 2031\/2032. Dar\u00fcber informierte die Dezernentin f\u00fcr Soziales, Jugend und Kultur, Sandra Wanzar. Hierzu h\u00e4tten im vergangenen Jahr mehrere Treffen mit Vertretern des Ausschusses <a class=\"mh-excerpt-more\" href=\"https:\/\/www.studiogera.de\/001\/2026\/01\/19\/stadt-gera-erarbeitet-neuen-schulnetzplan\/\" title=\"STADT GERA ERARBEITET NEUEN SCHULNETZPLAN\">[&#8230;]<\/a><\/p>\n<\/div>","protected":false},"author":2,"featured_media":40954,"comment_status":"open","ping_status":"open","sticky":false,"template":"","format":"standard","meta":{"footnotes":""},"categories":[3],"tags":[],"class_list":{"0":"post-40953","1":"post","2":"type-post","3":"status-publish","4":"format-standard","5":"has-post-thumbnail","7":"category-lokal"},"_links":{"self":[{"href":"https:\/\/www.studiogera.de\/001\/wp-json\/wp\/v2\/posts\/40953","targetHints":{"allow":["GET"]}}],"collection":[{"href":"https:\/\/www.studiogera.de\/001\/wp-json\/wp\/v2\/posts"}],"about":[{"href":"https:\/\/www.studiogera.de\/001\/wp-json\/wp\/v2\/types\/post"}],"author":[{"embeddable":true,"href":"https:\/\/www.studiogera.de\/001\/wp-json\/wp\/v2\/users\/2"}],"replies":[{"embeddable":true,"href":"https:\/\/www.studiogera.de\/001\/wp-json\/wp\/v2\/comments?post=40953"}],"version-history":[{"count":1,"href":"https:\/\/www.studiogera.de\/001\/wp-json\/wp\/v2\/posts\/40953\/revisions"}],"predecessor-version":[{"id":40955,"href":"https:\/\/www.studiogera.de\/001\/wp-json\/wp\/v2\/posts\/40953\/revisions\/40955"}],"wp:featuredmedia":[{"embeddable":true,"href":"https:\/\/www.studiogera.de\/001\/wp-json\/wp\/v2\/media\/40954"}],"wp:attachment":[{"href":"https:\/\/www.studiogera.de\/001\/wp-json\/wp\/v2\/media?parent=40953"}],"wp:term":[{"taxonomy":"category","embeddable":true,"href":"https:\/\/www.studiogera.de\/001\/wp-json\/wp\/v2\/categories?post=40953"},{"taxonomy":"post_tag","embeddable":true,"href":"https:\/\/www.studiogera.de\/001\/wp-json\/wp\/v2\/tags?post=40953"}],"curies":[{"name":"wp","href":"https:\/\/api.w.org\/{rel}","templated":true}]}}