{"id":40956,"date":"2026-01-19T17:49:36","date_gmt":"2026-01-19T16:49:36","guid":{"rendered":"https:\/\/www.studiogera.de\/001\/?p=40956"},"modified":"2026-01-19T17:49:37","modified_gmt":"2026-01-19T16:49:37","slug":"donald-trump-reist-zum-wef-nach-davos","status":"publish","type":"post","link":"https:\/\/www.studiogera.de\/001\/2026\/01\/19\/donald-trump-reist-zum-wef-nach-davos\/","title":{"rendered":"DONALD TRUMP REIST ZUM WEF NACH DAVOS"},"content":{"rendered":"\n<p>Mit Spannung wird die Rede von US-Pr\u00e4sident Donald Trump beim 56. Weltwirtschaftsforum in Davos erwartet. Er\u00f6ffnet wird es am 19. Januar 2026 um 18 Uhr. Wie immer sind viele einflussreiche und namhafte Personen eingeladen \u2014 unter anderem auch Friedrich Merz, Ursula von der Leyen, Emmanuel Macron, Wolodymyr Selenski, William Henry Gates III. und Yuval Noah Harari. Trump wird am 21. Januar ab 14.30 Uhr sprechen und wahrscheinlich verschiedene M\u00f6glichkeiten der \u00dcbereignung Gr\u00f6nlands an die USA vorstellen. Er reist mit einer gro\u00dfen Delegation an.<\/p>\n\n\n\n<p>Wichtigste Themen beim Weltwirtschaftsforum sind die zuvor ausgemachten Risiken durch Sanktionen, Z\u00f6lle, Handelsbeschr\u00e4nkungen, bewaffnete Konflikte, Desinformation, Falschinformation, die Polarisierung der Gesellschaften sowie die Gefahr von Zerst\u00f6rungen der kritischen Infrastruktur. In der Reihenfolge der Priorit\u00e4ten sollte mittelfristig die Gefahr durch Desinformation und Falschinformation vorr\u00fccken, langfristig das Thema Klimawandel. Experten beobachten, ob sich die Agenda des WEF ver\u00e4ndert und wie die Berichterstattung anschlie\u00dfend ausf\u00e4llt. Es wird damit gerechnet, dass Donald Trumps Rede besondere Beachtung findet und er neue Schwerpunkte setzt.<\/p>\n\n\n\n<figure class=\"wp-block-embed is-type-wp-embed is-provider-gera wp-block-embed-gera\"><div class=\"wp-block-embed__wrapper\">\n<blockquote class=\"wp-embedded-content\" data-secret=\"0baSbodv5r\"><a href=\"https:\/\/www.studiogera.de\/001\/2025\/01\/24\/donald-trump-spricht-beim-wef-und-gibt-akten-frei\/\">DONALD TRUMP SPRICHT BEIM WEF UND GIBT AKTEN FREI<\/a><\/blockquote><iframe loading=\"lazy\" class=\"wp-embedded-content\" sandbox=\"allow-scripts\" security=\"restricted\" style=\"position: absolute; visibility: hidden;\" title=\"&#8222;DONALD TRUMP SPRICHT BEIM WEF UND GIBT AKTEN FREI&#8220; &#8211; GERA\" src=\"https:\/\/www.studiogera.de\/001\/2025\/01\/24\/donald-trump-spricht-beim-wef-und-gibt-akten-frei\/embed\/#?secret=pyz62t1mNK#?secret=0baSbodv5r\" data-secret=\"0baSbodv5r\" width=\"500\" height=\"282\" frameborder=\"0\" marginwidth=\"0\" marginheight=\"0\" scrolling=\"no\"><\/iframe>\n<\/div><\/figure>\n","protected":false},"excerpt":{"rendered":"<div class=\"mh-excerpt\"><p>Mit Spannung wird die Rede von US-Pr\u00e4sident Donald Trump beim 56. Weltwirtschaftsforum in Davos erwartet. Er\u00f6ffnet wird es am 19. Januar 2026 um 18 Uhr. Wie immer sind viele einflussreiche und namhafte Personen eingeladen \u2014 <a class=\"mh-excerpt-more\" href=\"https:\/\/www.studiogera.de\/001\/2026\/01\/19\/donald-trump-reist-zum-wef-nach-davos\/\" title=\"DONALD TRUMP REIST ZUM WEF NACH DAVOS\">[&#8230;]<\/a><\/p>\n<\/div>","protected":false},"author":2,"featured_media":40958,"comment_status":"open","ping_status":"open","sticky":false,"template":"","format":"standard","meta":{"footnotes":""},"categories":[2],"tags":[],"class_list":{"0":"post-40956","1":"post","2":"type-post","3":"status-publish","4":"format-standard","5":"has-post-thumbnail","7":"category-weltweit"},"_links":{"self":[{"href":"https:\/\/www.studiogera.de\/001\/wp-json\/wp\/v2\/posts\/40956","targetHints":{"allow":["GET"]}}],"collection":[{"href":"https:\/\/www.studiogera.de\/001\/wp-json\/wp\/v2\/posts"}],"about":[{"href":"https:\/\/www.studiogera.de\/001\/wp-json\/wp\/v2\/types\/post"}],"author":[{"embeddable":true,"href":"https:\/\/www.studiogera.de\/001\/wp-json\/wp\/v2\/users\/2"}],"replies":[{"embeddable":true,"href":"https:\/\/www.studiogera.de\/001\/wp-json\/wp\/v2\/comments?post=40956"}],"version-history":[{"count":1,"href":"https:\/\/www.studiogera.de\/001\/wp-json\/wp\/v2\/posts\/40956\/revisions"}],"predecessor-version":[{"id":40957,"href":"https:\/\/www.studiogera.de\/001\/wp-json\/wp\/v2\/posts\/40956\/revisions\/40957"}],"wp:featuredmedia":[{"embeddable":true,"href":"https:\/\/www.studiogera.de\/001\/wp-json\/wp\/v2\/media\/40958"}],"wp:attachment":[{"href":"https:\/\/www.studiogera.de\/001\/wp-json\/wp\/v2\/media?parent=40956"}],"wp:term":[{"taxonomy":"category","embeddable":true,"href":"https:\/\/www.studiogera.de\/001\/wp-json\/wp\/v2\/categories?post=40956"},{"taxonomy":"post_tag","embeddable":true,"href":"https:\/\/www.studiogera.de\/001\/wp-json\/wp\/v2\/tags?post=40956"}],"curies":[{"name":"wp","href":"https:\/\/api.w.org\/{rel}","templated":true}]}}