{"id":40959,"date":"2026-01-19T18:18:08","date_gmt":"2026-01-19T17:18:08","guid":{"rendered":"https:\/\/www.studiogera.de\/001\/?p=40959"},"modified":"2026-01-19T18:18:09","modified_gmt":"2026-01-19T17:18:09","slug":"das-kulturjahr-2026-in-gera","status":"publish","type":"post","link":"https:\/\/www.studiogera.de\/001\/2026\/01\/19\/das-kulturjahr-2026-in-gera\/","title":{"rendered":"DAS KULTURJAHR 2026 IN GERA"},"content":{"rendered":"\n<p>Mit einem abwechslungsreichen Programm aus Ausstellungen, Festivals, Stadtfesten und Veranstaltungen pr\u00e4sentiert sich Gera 2026 als lebendige Kulturstadt. Im Zeichen des von Th\u00fcringen ausgerufenen Theaterjahres stehen die Darstellenden K\u00fcnste besonders im Fokus. Hochkar\u00e4tige Ausstellungen und traditionsreiche Feste laden dazu ein, Kultur in all ihren Facetten zu erleben.<\/p>\n\n\n\n<p>MUSEEN UND AUSSTELLUNGEN<\/p>\n\n\n\n<p>Th\u00fcringen hat 2026 zum Theaterjahr erkl\u00e4rt. Demzufolge stehen die Darstellenden K\u00fcnste im Fokus:<\/p>\n\n\n\n<p><strong>Ab 2. April im Stadtmuseum: Filmstar Gera<\/strong><br>Die Stadt wird zur Kulisse. Geb\u00e4udeensembles und Interieurs in Gera fungierten als Spielorte bedeutender Filme wie Die Stille nach dem Schuss, Zwei zu eins mit Sandra H\u00fcller oder Die Stasikom\u00f6die von Leander Hau\u00dfmann. Ein Muss f\u00fcr Filmfans!<\/p>\n\n\n\n<p><strong>Ab 8. Mai in der Orangerie: \u201eBravo Gera!\u201c 100 Jahre t\u00e4nzerischer Aufbruch<\/strong><br>Mit dem Engagement von Yvonne Georgi ans Reu\u00dfische Theater zur Spielzeit 1925\/1926 gelang Erbprinz Heinrich XLV. Reu\u00df j. L. ein wahrer Coup: Georgi brachte die neuesten Entwicklungen des modernen Ausdruckstanzes an die Wei\u00dfe Elster. Sie schuf hier Choreografien, die nicht nur in Gera f\u00fcr Beifallsst\u00fcrme sorgten, sondern auch bei Gastspielen in Leipzig und Berlin gro\u00dfe Aufmerksamkeit erregten.<\/p>\n\n\n\n<p>Vom 8. bis 21. Mai 2026 findet begleitend zur Ausstellung das Internationale Ballettfestival Gera statt mit Auftritten des Th\u00fcringer Staatsballetts sowie Gastspielen.<\/p>\n\n\n\n<p><strong>Ab 20. Juni im Stadtmuseum: Zentral \u2013 Fotografien von Peter Hartwig<\/strong><br>Peter Hartwig arbeitete u. a. mit Andreas Dresen an dessen preisgekr\u00f6nten Werken wie Halbe Treppe, Sommer vorm Balkon oder Gundermann zusammen.<\/p>\n\n\n\n<p><strong>Ab 3. Oktober im Stadtmuseum: Phantastische Welten<\/strong><br>Handpuppen, Marionetten, Tisch- und Flachfiguren, Klappmaul- und Stabfiguren \u2013 seit Jahrzehnten verzaubert das Puppentheater Gera mit seinen Auff\u00fchrungen. So abwechslungsreich wie die Spielweisen sind die Materialien der Puppen. Dabei ist jede Figur ein Unikat.<\/p>\n\n\n\n<p><strong>Ab 28. April im Museum f\u00fcr Angewandte Kunst: Zwischen Abenteuerlust und Hirtenlied<\/strong><br>Die Geraer Sammlung Behrens-Weise vereint Kunst des 19. Jahrhunderts: Romantische Landschaften, dramatische Seest\u00fccke und idyllische Alltagsszenen von Andreas und Oswald Achenbach, Franz von Defregger, Franz von Lenbach, Hans Thoma und anderen.<\/p>\n\n\n\n<p><strong>Ab 23. September im Museum f\u00fcr Angewandte Kunst: 15. Aenne-Biermann-Preis f\u00fcr deutsche Gegenwartsfotografie<\/strong><br>Mit dem Aenne-Biermann-Preis werden innovative fotografische Leistungen gef\u00f6rdert und aktuelle Entwicklungstendenzen der Fotografie als Mittel des k\u00fcnstlerischen Ausdrucks dokumentiert und gew\u00fcrdigt.<\/p>\n\n\n\n<p>Die Sparkasse unterst\u00fctzt die Veranstaltungen.<\/p>\n\n\n\n<p><strong>Ab 2. Oktober: Fabelhafte Tiere. Fantasie trifft Zoologie<\/strong><br>Tiere sind wichtige Handlungstr\u00e4ger von Fabeln, M\u00e4rchen und Erz\u00e4hlungen. Ihnen werden menschliche Charakterz\u00fcge und Eigenschaften zugewiesen \u2013 Schl\u00e4ue, Hinterlist, Gewieftheit, Naivit\u00e4t oder Loyalit\u00e4t. Die Zuschreibungen basieren oft auf subjektiven Naturwahrnehmungen.<\/p>\n\n\n\n<p>Am 22. August findet die 27. Geraer Museumsnacht statt.<\/p>\n\n\n\n<p>STADTFESTE UND VERANSTALTUNGEN<\/p>\n\n\n\n<p>Geras Stadtfeste sind jedes Jahr H\u00f6hepunkte im Veranstaltungskalender und weit \u00fcber die Stadtgrenzen hinaus bekannt:<\/p>\n\n\n\n<p>Das Hofwiesenparkfest von 1. bis 3. Mai 2026 l\u00e4dt wieder zu einem vielseitigen, familienfreundlichen Programm, kulinarischer Vielfalt und musikalischen Angeboten ein.<\/p>\n\n\n\n<p>Mit dem H\u00f6hlerfest am 2. bis 4. Oktober 2026 feiern wir den 789. Geburtstag unserer Stadt. Hier verbinden sich regionale Kultur, echte Geraer Atmosph\u00e4re und besondere Erlebnisse rund um das historische H\u00f6hlersystem \u2013 und einen gro\u00dfen Festumzug wird es auch geben.<\/p>\n\n\n\n<p>\u00dcber das ganze Jahr hinweg sorgen engagierte Vereine, Kulturinitiativen und regionale Veranstalter f\u00fcr ein breites und abwechslungsreiches Angebot f\u00fcr alle Altersgruppen. Musik, Theater, Tanz, Workshops, M\u00e4rkte und Stadtteilfeste f\u00fcllen den Jahreslauf mit kreativen und gemeinschaftlichen Momenten.<\/p>\n\n\n\n<p>Auch die beliebten Volksfeste im Fr\u00fchjahr und Herbst werden wieder f\u00fcr gute Laune sorgen. Das Tierpark- und Dahlienfest im September r\u00fcckt unseren einzigartigen und liebevoll gestalteten Tierpark in den Mittelpunkt und schafft traditionell eine besondere Familienatmosph\u00e4re.<\/p>\n\n\n\n<p>Ein moderner Akzent bleibt das Elektro Open Air \u201eGEht RAus\u201c am 5. September 2026 auf der Sparkassenb\u00fchne im Hofwiesenpark. Neu im Programm sind zudem die Poetry Slam Meisterschaften, die erstmals im Comma Gera ausgetragen werden und frische Stimmen aus der deutschsprachigen Slam-Szene in die Stadt holen.<\/p>\n\n\n\n<p>KULTUR IN KUK UND COMMA<\/p>\n\n\n\n<p>Auch die beiden Veranstaltungsh\u00e4user der Stadt bieten 2026 ein abwechslungsreiches Programm. Im Kultur- und Kongresszentrum und im Comma erwartet die Geraer und ihre G\u00e4ste eine breite Palette an Konzerten, Comedy-Programmen, Shows und Angeboten f\u00fcr Kinder und Familien. Von national bekannten K\u00fcnstlerinnen und K\u00fcnstlern bis zu regionalen Talenten \u2013 die H\u00e4user bleiben Orte der Begegnung, der Unterhaltung und der kulturellen Vielfalt.<\/p>\n\n\n\n<p>M\u00c4RKTE<\/p>\n\n\n\n<p>Auf dem Geraer Marktplatz ist ebenfalls viel geplant. Die neuen verl\u00e4ngerten \u00d6ffnungszeiten jeden Dienstag bis 17 Uhr machen den Besuch des Wochenmarktes noch attraktiver. Hinzu kommen die beliebten Sonderm\u00e4rkte G\u00e4rtnermarkttage, T\u00f6pfermarkt, Franz\u00f6sischer Gourmetmarkt.<\/p>\n\n\n\n<p>Am Jahresende erwartet der stimmungsvolle M\u00e4rchenmarkt, der Weihnachtsmarkt der Stadt Gera, seine G\u00e4ste. Mit seinen 38 lebensgro\u00dfen Figuren aus den Grimm\u2019schen M\u00e4rchen zieht er j\u00e4hrlich tausende Besucher an und sorgt f\u00fcr leuchtende Augen bei Jung und Alt.<\/p>\n\n\n\n<p>2026 wird ein Jahr, das zeigt, wie lebendig Gera ist, wie viel hier geschieht und vor allem, wie viele engagierte Menschen Tag f\u00fcr Tag dazu beitragen, die Stadt kulturell zu bereichern.<\/p>\n","protected":false},"excerpt":{"rendered":"<div class=\"mh-excerpt\"><p>Mit einem abwechslungsreichen Programm aus Ausstellungen, Festivals, Stadtfesten und Veranstaltungen pr\u00e4sentiert sich Gera 2026 als lebendige Kulturstadt. Im Zeichen des von Th\u00fcringen ausgerufenen Theaterjahres stehen die Darstellenden K\u00fcnste besonders im Fokus. Hochkar\u00e4tige Ausstellungen und traditionsreiche <a class=\"mh-excerpt-more\" href=\"https:\/\/www.studiogera.de\/001\/2026\/01\/19\/das-kulturjahr-2026-in-gera\/\" title=\"DAS KULTURJAHR 2026 IN GERA\">[&#8230;]<\/a><\/p>\n<\/div>","protected":false},"author":2,"featured_media":31358,"comment_status":"open","ping_status":"open","sticky":false,"template":"","format":"standard","meta":{"footnotes":""},"categories":[8],"tags":[],"class_list":{"0":"post-40959","1":"post","2":"type-post","3":"status-publish","4":"format-standard","5":"has-post-thumbnail","7":"category-kultur"},"_links":{"self":[{"href":"https:\/\/www.studiogera.de\/001\/wp-json\/wp\/v2\/posts\/40959","targetHints":{"allow":["GET"]}}],"collection":[{"href":"https:\/\/www.studiogera.de\/001\/wp-json\/wp\/v2\/posts"}],"about":[{"href":"https:\/\/www.studiogera.de\/001\/wp-json\/wp\/v2\/types\/post"}],"author":[{"embeddable":true,"href":"https:\/\/www.studiogera.de\/001\/wp-json\/wp\/v2\/users\/2"}],"replies":[{"embeddable":true,"href":"https:\/\/www.studiogera.de\/001\/wp-json\/wp\/v2\/comments?post=40959"}],"version-history":[{"count":1,"href":"https:\/\/www.studiogera.de\/001\/wp-json\/wp\/v2\/posts\/40959\/revisions"}],"predecessor-version":[{"id":40960,"href":"https:\/\/www.studiogera.de\/001\/wp-json\/wp\/v2\/posts\/40959\/revisions\/40960"}],"wp:featuredmedia":[{"embeddable":true,"href":"https:\/\/www.studiogera.de\/001\/wp-json\/wp\/v2\/media\/31358"}],"wp:attachment":[{"href":"https:\/\/www.studiogera.de\/001\/wp-json\/wp\/v2\/media?parent=40959"}],"wp:term":[{"taxonomy":"category","embeddable":true,"href":"https:\/\/www.studiogera.de\/001\/wp-json\/wp\/v2\/categories?post=40959"},{"taxonomy":"post_tag","embeddable":true,"href":"https:\/\/www.studiogera.de\/001\/wp-json\/wp\/v2\/tags?post=40959"}],"curies":[{"name":"wp","href":"https:\/\/api.w.org\/{rel}","templated":true}]}}