{"id":40967,"date":"2026-01-20T18:06:22","date_gmt":"2026-01-20T17:06:22","guid":{"rendered":"https:\/\/www.studiogera.de\/001\/?p=40967"},"modified":"2026-01-20T18:06:23","modified_gmt":"2026-01-20T17:06:23","slug":"streit-in-einer-wohnung-in-der-nicolaistrasse","status":"publish","type":"post","link":"https:\/\/www.studiogera.de\/001\/2026\/01\/20\/streit-in-einer-wohnung-in-der-nicolaistrasse\/","title":{"rendered":"STREIT IN EINER WOHNUNG IN DER NICOLAISTRASSE"},"content":{"rendered":"\n<p>Sonntagmittag, am 18. Januar 2026, eskalierte ein Streit in einer Wohnung in der Nicolaistra\u00dfe. Ein 32-j\u00e4hriger Mann warf im Verlauf der Auseinandersetzung eine Tasse in Richtung eines 31-J\u00e4hrigen, die diesen am Kopf traf. Der Gesch\u00e4digte erlitt eine gr\u00f6\u00dfere Platzwunde im Stirnbereich. Offenbar unzufrieden mit dem Anblick der Verletzung im Spiegel, zerschlug der Mann diesen anschlie\u00dfend eigenst\u00e4ndig. Die Polizei f\u00fchrte umfangreiche Sicherungs- und Ermittlungsma\u00dfnahmen durch. Der Tatverd\u00e4chtige wurde festgesetzt. Die Kriminalpolizei forscht zum Geschehen im Fall 0014636\/2026.<\/p>\n","protected":false},"excerpt":{"rendered":"<div class=\"mh-excerpt\"><p>Sonntagmittag, am 18. Januar 2026, eskalierte ein Streit in einer Wohnung in der Nicolaistra\u00dfe. Ein 32-j\u00e4hriger Mann warf im Verlauf der Auseinandersetzung eine Tasse in Richtung eines 31-J\u00e4hrigen, die diesen am Kopf traf. Der Gesch\u00e4digte <a class=\"mh-excerpt-more\" href=\"https:\/\/www.studiogera.de\/001\/2026\/01\/20\/streit-in-einer-wohnung-in-der-nicolaistrasse\/\" title=\"STREIT IN EINER WOHNUNG IN DER NICOLAISTRASSE\">[&#8230;]<\/a><\/p>\n<\/div>","protected":false},"author":2,"featured_media":33258,"comment_status":"open","ping_status":"open","sticky":false,"template":"","format":"standard","meta":{"footnotes":""},"categories":[13],"tags":[],"class_list":{"0":"post-40967","1":"post","2":"type-post","3":"status-publish","4":"format-standard","5":"has-post-thumbnail","7":"category-polizeiberichte"},"_links":{"self":[{"href":"https:\/\/www.studiogera.de\/001\/wp-json\/wp\/v2\/posts\/40967","targetHints":{"allow":["GET"]}}],"collection":[{"href":"https:\/\/www.studiogera.de\/001\/wp-json\/wp\/v2\/posts"}],"about":[{"href":"https:\/\/www.studiogera.de\/001\/wp-json\/wp\/v2\/types\/post"}],"author":[{"embeddable":true,"href":"https:\/\/www.studiogera.de\/001\/wp-json\/wp\/v2\/users\/2"}],"replies":[{"embeddable":true,"href":"https:\/\/www.studiogera.de\/001\/wp-json\/wp\/v2\/comments?post=40967"}],"version-history":[{"count":1,"href":"https:\/\/www.studiogera.de\/001\/wp-json\/wp\/v2\/posts\/40967\/revisions"}],"predecessor-version":[{"id":40968,"href":"https:\/\/www.studiogera.de\/001\/wp-json\/wp\/v2\/posts\/40967\/revisions\/40968"}],"wp:featuredmedia":[{"embeddable":true,"href":"https:\/\/www.studiogera.de\/001\/wp-json\/wp\/v2\/media\/33258"}],"wp:attachment":[{"href":"https:\/\/www.studiogera.de\/001\/wp-json\/wp\/v2\/media?parent=40967"}],"wp:term":[{"taxonomy":"category","embeddable":true,"href":"https:\/\/www.studiogera.de\/001\/wp-json\/wp\/v2\/categories?post=40967"},{"taxonomy":"post_tag","embeddable":true,"href":"https:\/\/www.studiogera.de\/001\/wp-json\/wp\/v2\/tags?post=40967"}],"curies":[{"name":"wp","href":"https:\/\/api.w.org\/{rel}","templated":true}]}}