{"id":4097,"date":"2018-06-14T12:40:43","date_gmt":"2018-06-14T10:40:43","guid":{"rendered":"http:\/\/www.studiogera.de\/001\/?p=4097"},"modified":"2018-06-14T12:40:43","modified_gmt":"2018-06-14T10:40:43","slug":"meldungen-der-stadtverwaltung-17","status":"publish","type":"post","link":"https:\/\/www.studiogera.de\/001\/2018\/06\/14\/meldungen-der-stadtverwaltung-17\/","title":{"rendered":"MELDUNGEN DER STADTVERWALTUNG"},"content":{"rendered":"<p><strong>SIMSONBRUNNEN UND GLOCKENSPIEL WERDEN ABGESTELLT<\/strong><\/p>\n<p>Das Freiluftkonzert \u201eSternstunden der Oper\u201c am 23. Juni ist der kr\u00f6nende Abschluss der laufenden Spielzeit des Philharmonischen Orchesters Altenburg-Gera, des Opernchors sowie des Philharmonischen Chors von Theater&amp;Philharmonie Th\u00fcringen. Erstmals auch in Gera aufgef\u00fchrt, sorgt der Markt als traumhafte Kulisse f\u00fcr einen unvergesslichen Konzertgenuss in einer lauen Sommernacht. In diesem Jahr funkeln die Sterne nicht nur am Himmel, sondern auch auf der B\u00fchne \u2013 in Form von glanzvollen Arien, Duetten und Ch\u00f6ren.<\/p>\n<p>Pl\u00e4tscherndes Brunnenwasser und das Glockenspiel auf dem Rathausturm haben zwar auch etwas Sch\u00f6nes, w\u00fcrden in diesem Fall aber den musikalischen Genuss st\u00f6ren. Um den Musikern und G\u00e4sten bei der Auff\u00fchrung und den vorher stattfindenden Proben eine ungest\u00f6rte Atmosph\u00e4re bieten zu k\u00f6nnen, wird der Simsonbrunnen vom 20. bis 24. Juni  und das Glockenspiel vom 21. Juni, 10 Uhr, bis 23. Juni, 23.45 Uhr, abgestellt.<\/p>\n<hr \/>\n<p>ENGLISCH F\u00dcR TOURISTEN<\/p>\n<p>Wer einen Urlaub im englischsprachigen Ausland plant, kann mehr erleben und entspannter reisen, wenn er sich vor Ort in typischen Situationen verst\u00e4ndigen kann. Die Geraer Volkshochschule \u201eAenne Biermann\u201c bietet vom 25. bis 29. Juni 2018 einen Kompaktkurs \u201eEnglisch f\u00fcr Touristen\u201c an. Er richtet sich an Anf\u00e4nger mit kleinen Vorkenntnissen, die intensiv in k\u00fcrzester Zeit ihre Elementarkenntnisse der englischen Sprache aktivieren und erweitern wollen. Der Unterricht findet eine Woche lang t\u00e4glich von 8.30 Uhr bis 13.30 Uhr in der Talstra\u00dfe 3 statt. F\u00fcr Anmeldung und weitere Informationen stehen die Rufnummer 0365 55259317 und die Adresse service@volkshochschule-gera.de zur Verf\u00fcgung. Unter www.volkshochschule-gera.de ist die Platzreservierung ebenfalls m\u00f6glich. Anmeldeschluss ist der 21. Juni 2018.<\/p>\n<hr \/>\n<p><strong>JUGENDSCH\u00d6FFEN<\/strong><\/p>\n<p>Da f\u00fcr die im Herbst anstehende Wahl von Jugendsch\u00f6ffen noch immer nicht gen\u00fcgend Bewerberinnen und Bewerber gefunden wurden, ruft die Stadtverwaltung Gera nochmals interessierte B\u00fcrgerinnen und B\u00fcrger auf, sich f\u00fcr dieses wichtige Ehrenamt zu bewerben. Damit f\u00fcr die Jahre 2019 bis 2023 die Jugendsch\u00f6ffen der Sch\u00f6ffengerichte und Strafkammern gew\u00e4hlt werden k\u00f6nnen, sind von der Stadtverwaltung Vorschlagslisten beim Amtsgericht Gera einzureichen, die vorher vom Jugendhilfeausschuss beschlossen werden. Es werden noch elf Kandidatinnen und 33 Kandidaten f\u00fcr die Aufnahme in die Vorschlagslisten der Jugendsch\u00f6ffen gesucht.<br \/>\nDie entsprechende Person sollte zur Zeit der Aufstellung der Vorschlagslisten in der Stadt Gera wohnen. Dabei ist es nicht erforderlich, dass die Hauptwohnung in Gera ist. Das Amt der Jugendsch\u00f6ffen kann nur von deutschen Staatsb\u00fcrgern im Alter von 25 bis 70 Jahren versehen werden.<br \/>\nAntr\u00e4ge zur Aufnahme in die Vorschlagsliste (Bewerbungsformular und dazugeh\u00f6rige Erkl\u00e4rung) f\u00fcr die Wahl als Jugendsch\u00f6ffe k\u00f6nnen bei der Stadtverwaltung Gera, Fach 72, Kornmarkt 12, 07545 Gera (Telefon 838 1713 oder Adresse FACHDIENST.RECHT@GERA.DE) angefordert oder im H 35 oder an der Pforte des Rathauses abgeholt werden. Die Abgabefrist endet am 3. Juli 2018, 17 Uhr (Datum des Eingangsstempels). Telefonische Ausk\u00fcnfte erhalten Sie unter der Rufnummer 838 1713. <\/p>\n<hr>\n<p><strong>TAG DER OFFENEN GESELLSCHAFT<\/strong><\/p>\n<p>Zum diesj\u00e4hrigen Tag der offenen Gesellschaft l\u00e4dt die Kindervereinigung Gera zum gemeinsamen Abendessen an ihrer \u201eBunten Tafel\u201c ein. Weltweit werden an diesem Tag Projekte und Events veranstaltet, um die Menschen einander wieder n\u00e4her zu bringen.<br \/>\nIn diesem Jahr beteiligt sich die Partnerschaft f\u00fcr Demokratie in Gera am Tag der offenen  Gesellschaft beteiligen. Unter dem Motto: &#8222;Gera lebt, lacht und is(s)t fantastisch&#8220; veranstaltet die Partnerschaft f\u00fcr Demokratie in Gera ein &#8222;buntes Dinner&#8220;. Jeder kann am 16. Juni um 18 Uhr auf der Sorge mit St\u00fchlen, Tischen und Lebensmitteln erscheinen. Gemeinsam mit den B\u00fcrgern wollen die Initiatoren eine bunte und vielf\u00e4ltige Tafel entlang der Sorge bilden, an der ganz Gera zusammenkommt und gemeinsam zu Abend isst. Wir setzen ein Zeichen f\u00fcr unsere Stadt, f\u00fcr ein &#8222;MiteinanderS in Gera&#8220;, f\u00fcr Offenheit, Zusammenhalt, Gastfreundschaft und f\u00fcr die Werte unserer Gesellschaft. Jeder ist herzlich willkommen, auch SIE! Bringen Sie ihre Familie und Freunde mit, sowie Sitzgelegenheiten und ein paar Lebensmittel. Was nat\u00fcrlich auch nicht fehlen darf, sind gute Laune und die Offenheit seine Mitmenschen und Nachbarn kennenzulernen. Wir freuen uns auf Sie! Unterst\u00fctzt wird das Projekt vom Bundesprogramm &#8222;Demokratie Leben!&#8220;, dem Th\u00fcringer Landesprogramm &#8222;Denkt bunt&#8220;, der Stadt Gera, der Kindervereinigung e. V. sowie vielen weiteren Unterst\u00fctzern und Helfern! <\/p>\n<p>F\u00fcr weitere Informationen wenden Sie sich bitte an Denny Willmann, Kindervereinigung e. V. Gera, Werner-Petzold-Stra\u00dfe 10, 07549 Gera, Fernruf 0365 7360106, elektronische Post &#8222;exkos-gera@gmx.de&#8220;, Datennetz &#8222;www.exkosgera.wordpress.com&#8220;.<\/p>\n<hr \/>\n<p><strong>KULTUR IM K\u00dcCHENGARTEN<\/strong><\/p>\n<p>Die n\u00e4chste Veranstaltungsreihe \u201eKultur im K\u00fcchengarten\u201c findet am Sonntag, den 24. Juni, 15 Uhr, f\u00fcr alle Musikfreunde, Parkbesucher und Passanten in der barocken Parkanlage neben dem Theater statt. Unter dem Motto \u201eWir machen Musik\u201c spielt das Fleck Sauer Ensemble die Gassenhauer der Schellack-\u00c4ra. Die charmante Interpretation der Ohrw\u00fcrmer wird die Besucher begeistern. Der Eintritt zum Konzert ist wie immer frei. Einen Obolus zur Pflege und Bepflanzung von K\u00fcchengarten und Hofwiesenpark und der Betreibung des Springbrunnens k\u00f6nnen die Besucher gern in die bereitstehende Spendenbox einwerfen. Als Dankesch\u00f6n, d\u00fcrfen sich die Spender eine Postkarte der Parkanlagen mitnehmen. Die Konzertbesucher k\u00f6nnen auf den Parkb\u00e4nken und den bereitstehenden Konzertst\u00fchlen Platz nehmen oder es sich mit Decke und Picknickkorb auf der Wiese bequem machen. Das Parkcaf\u00e9 Hofwiesenpark versorgt die G\u00e4ste mit Kaffee, Kuchen und Getr\u00e4nken. Es gibt keine Schlechtwettervariante. Sollte es am 24. Juni regnen oder st\u00fcrmen, muss der Auftritt kurzfristig verschoben werden. Ein Wiederholungstermin wird in den Medien und auf &#8222;www.gera.de&#8220; und &#8222;www.veranstaltungen-in-gera.de&#8220; rechtzeitig bekanntgegeben. Besonderer Dank gilt dem Sponsor der Veranstaltungsreihe, Peter Carqueville, Gesch\u00e4ftsf\u00fchrender Gesellschafter der gleichnamigen Sanit\u00e4ts- und Gesundheitshaus GmbH. Drei weitere Veranstaltungen werden am 29. Juli, 19. August und 23. September folgen und zum entspanntem Verweilen und Genie\u00dfen einladen. Die Gruppe StrandGut spielt deutsche und irische Folkmusik, Cat Henschelmann interpretiert Modernes und Traditionelles mit Violine und Gesang und. das musikalische Finale gestalteten Sch\u00fcler der Musikschule \u201eHeinrich Sch\u00fctz\u201c.<\/p>\n<hr \/>\n<p><strong>GERAER VOLKSHOCHSCHULE<\/strong><\/p>\n<p>Im M\u00e4rz 2018 rief die Geraer Volkshochschule \u201eAenne Biermann\u201c dazu auf, Erinnerungen, Geschichten und Begebenheiten aus 100 Jahre Volkshochschule in Gera aufzuschreiben und einzureichen. Es liegen der Volkshochschule bereits einige interessante Geschichten vor. Eine B\u00fcrgerin zum Beispiel, die sich im Jahr 2001 entschloss, den Italienischkurs der Geraer Volkshochschule zu besuchen, fand in Italien Arbeit und lebt nun bereits 15 Jahre dort. Oder die Geschichte einer anderen B\u00fcrgerin, die von 1948 bis 1950 an der Volkshochschule in Gera Stenografie und Schreibmaschineschreiben lernte und bis heute Kurse an der Geraer Volkshochschule besucht. Sie schreibt: \u201e100 Jahre Volkshochschule in Gera \u2013 davon war ich 70 Jahre dabei!\u201c Im j\u00fcngsten Beitrag einer Teilnehmerin am Kurs \u201eKreatives Schreiben\u201c, die ihre Geschichte in Versen erz\u00e4hlt, hei\u00dft es: Immer wenn sie abends die Volkshochschule besucht, werden Erinnerungen an ihre Lehrzeit wach, die sie in der damaligen Berufsschule I f\u00fcr Elektro und Metall im Schulgeb\u00e4ude der heutigen Geraer Volkshochschule absolvierte. Beim Schreiben der Geschichte, so teilt sie mit, war ihr Grundgedanke, \u201e\u2026.wie wichtig es ist, immer willig zu sein, Neues zu erlernen und nie mit dem Lernen aufzuh\u00f6ren.\u201c<br \/>\nNoch bis zum 30. Juni ist Gelegenheit, ein Erlebnis mit der Volkshochschule in Gera aufzuschreiben und an die Geraer Volkshochschule, Talstra\u00dfe 3,  zu \u00fcbergeben. Wer mit seinen Erinnerungen zur Gestaltung des Jubil\u00e4ums \u201e100 Jahre Volkshochschule\u201c beitragen m\u00f6chte, kann sich telefonisch unter 0365 5525930 oder \u00fcber &#8222;service@volkshochschule-gera.de&#8220; mit der Volkshochschule in Verbindung setzen. Mitmachen lohnt sich, denn jeder, der einen Beitrag einreicht, kann gewinnen. Unter den Einsendern verlost die Geraer Volkshochschule eine Familienjahreseintrittskarte f\u00fcr den Tierpark Gera, einen Gutschein f\u00fcr Kurse an der Geraer Volkshochschule und Eintrittskarten f\u00fcr das Konzert \u201eAngelo Kelly &amp; Family Irish Christmas\u201c im Kultur- und Kongresszentrum Gera.<\/p>\n<hr \/>\n<p><strong>TIERHEIMFEST AM 17. JUNI 2018<\/strong><\/p>\n<p>Zum allj\u00e4hrlichen Tierheimfest l\u00e4dt der F\u00f6rderverein Tierheim Gera e. V. alle Tierfreunde in und um Gera am Sonntag, 17. Juni, 13 bis 17 Uhr, ins Tierheim der Stadt Gera ein. Der F\u00f6rderverein Tierheim Gera e. V. und seine flei\u00dfigen Helfer haben f\u00fcr alle Besucher eine gut gef\u00fcllte Gulaschkanone und Getr\u00e4nke bereit stehen. Es werden durch die Tierheimmitarbeiter Hunde vorgestellt, die dringend ein neues Zuhause suchen. Ein buntes Rahmenprogramm erwartet alle Tierfreunde mit DJ Mark M. und dem deutschen Musiker und Comedian Vicki Vomit. Die Anfahrt zum Tierheim Gera kann mit dem PKW \u00fcber Gera-Untermhaus nach Milbitz, oder \u00fcber den Franzosenweg am \u201eM\u00f6bel-Rieger\u201c bis zur Eisenbahnunterf\u00fchrung erfolgen. Per Stra\u00dfenbahn ist die Ausstiegsstelle die Haltestelle Duale Hochschule (vorher Berufsakademie), dann weiter zu Fu\u00df am \u201eM\u00f6bel-Rieger\u201c am Bach \u201eBrahme\u201c entlang, per Bus ab Untermhaus mit der Linie 20 in Richtung Milbitz. Die Tierheimbewohner freuen sich auf viele kleine und gro\u00dfe G\u00e4ste an diesem Tag. Ihren Vierbeiner k\u00f6nnen die G\u00e4ste nat\u00fcrlich gern mitbringen.<\/p>\n","protected":false},"excerpt":{"rendered":"<div class=\"mh-excerpt\"><p>SIMSONBRUNNEN UND GLOCKENSPIEL WERDEN ABGESTELLT Das Freiluftkonzert \u201eSternstunden der Oper\u201c am 23. Juni ist der kr\u00f6nende Abschluss der laufenden Spielzeit des Philharmonischen Orchesters Altenburg-Gera, des Opernchors sowie des Philharmonischen Chors von Theater&amp;Philharmonie Th\u00fcringen. Erstmals auch <a class=\"mh-excerpt-more\" href=\"https:\/\/www.studiogera.de\/001\/2018\/06\/14\/meldungen-der-stadtverwaltung-17\/\" title=\"MELDUNGEN DER STADTVERWALTUNG\">[&#8230;]<\/a><\/p>\n<\/div>","protected":false},"author":2,"featured_media":4098,"comment_status":"open","ping_status":"open","sticky":false,"template":"","format":"standard","meta":{"footnotes":""},"categories":[16],"tags":[],"class_list":{"0":"post-4097","1":"post","2":"type-post","3":"status-publish","4":"format-standard","5":"has-post-thumbnail","7":"category-kurzmitteilungen"},"_links":{"self":[{"href":"https:\/\/www.studiogera.de\/001\/wp-json\/wp\/v2\/posts\/4097","targetHints":{"allow":["GET"]}}],"collection":[{"href":"https:\/\/www.studiogera.de\/001\/wp-json\/wp\/v2\/posts"}],"about":[{"href":"https:\/\/www.studiogera.de\/001\/wp-json\/wp\/v2\/types\/post"}],"author":[{"embeddable":true,"href":"https:\/\/www.studiogera.de\/001\/wp-json\/wp\/v2\/users\/2"}],"replies":[{"embeddable":true,"href":"https:\/\/www.studiogera.de\/001\/wp-json\/wp\/v2\/comments?post=4097"}],"version-history":[{"count":1,"href":"https:\/\/www.studiogera.de\/001\/wp-json\/wp\/v2\/posts\/4097\/revisions"}],"predecessor-version":[{"id":4099,"href":"https:\/\/www.studiogera.de\/001\/wp-json\/wp\/v2\/posts\/4097\/revisions\/4099"}],"wp:featuredmedia":[{"embeddable":true,"href":"https:\/\/www.studiogera.de\/001\/wp-json\/wp\/v2\/media\/4098"}],"wp:attachment":[{"href":"https:\/\/www.studiogera.de\/001\/wp-json\/wp\/v2\/media?parent=4097"}],"wp:term":[{"taxonomy":"category","embeddable":true,"href":"https:\/\/www.studiogera.de\/001\/wp-json\/wp\/v2\/categories?post=4097"},{"taxonomy":"post_tag","embeddable":true,"href":"https:\/\/www.studiogera.de\/001\/wp-json\/wp\/v2\/tags?post=4097"}],"curies":[{"name":"wp","href":"https:\/\/api.w.org\/{rel}","templated":true}]}}